{"id":8429,"date":"2024-02-05T16:07:20","date_gmt":"2024-02-05T15:07:20","guid":{"rendered":"https:\/\/vizum.sk\/?p=8429"},"modified":"2024-02-05T16:09:17","modified_gmt":"2024-02-05T15:09:17","slug":"vietnam-lunarny-novy-rok","status":"publish","type":"post","link":"https:\/\/vizum.sk\/hu\/vietnami-holdujev\/","title":{"rendered":"Vietnam - Hold\u00faj\u00e9v"},"content":{"rendered":"<div data-elementor-type=\"wp-post\" data-elementor-id=\"8429\" class=\"elementor elementor-8429\">\n\t\t\t\t\t\t<section class=\"elementor-section elementor-top-section elementor-element elementor-element-c7c4f8c elementor-section-boxed elementor-section-height-default elementor-section-height-default\" data-id=\"c7c4f8c\" data-element_type=\"section\">\n\t\t\t\t\t\t<div class=\"elementor-container elementor-column-gap-default\">\n\t\t\t\t\t<div class=\"elementor-column elementor-col-100 elementor-top-column elementor-element elementor-element-6d59246\" data-id=\"6d59246\" data-element_type=\"column\">\n\t\t\t<div class=\"elementor-widget-wrap elementor-element-populated\">\n\t\t\t\t\t\t<div class=\"elementor-element elementor-element-b9ff06b elementor-widget elementor-widget-text-editor\" data-id=\"b9ff06b\" data-element_type=\"widget\" data-widget_type=\"text-editor.default\">\n\t\t\t\t<div class=\"elementor-widget-container\">\n\t\t\t\t\t\t\t<div class=\"ap-prdt-sub-content-area ap-prdt-perex-content-area\"><p>A Szlov\u00e1k K\u00f6zt\u00e1rsas\u00e1g Hanoi Nagyk\u00f6vets\u00e9ge felh\u00edvja a figyelmet a Hold\u00faj\u00e9v k\u00f6zelg\u0151 \u00fcnneps\u00e9g\u00e9re (<strong>2024. febru\u00e1r 8-14.<\/strong>), az elk\u00f6vetkez\u0151 napokban sz\u00e1molni kell a k\u00fcl\u00f6nb\u00f6z\u0151 vietn\u00e1miakkal, k\u00fcl\u00f6n\u00f6sen a\u00a0<strong>forgalmi \u00e9s biztons\u00e1gi korl\u00e1toz\u00e1sok,<\/strong>\u00a0z<strong>megn\u00f6vekedett forgalmi mobilit\u00e1s \u00e9s az emberek fokozott koncentr\u00e1ci\u00f3ja<\/strong>\u00a0az orsz\u00e1gon bel\u00fcli utasok. A k\u00f6zleked\u00e9si v\u00e1llalatok jelent\u0151s utassz\u00e1m-n\u00f6veked\u00e9sre sz\u00e1m\u00edtanak. Az \u00e9v legnagyobb \u00fcnnepnapjain a k\u00f6vetkez\u0151 id\u0151szakokban lesznek\u00a0<strong>sz\u00e1mos int\u00e9zm\u00e9ny, l\u00e9tes\u00edtm\u00e9ny, \u00fczleti k\u00f6zpont \u00e9s kultur\u00e1lis helysz\u00edn bez\u00e1rt.<\/strong><\/p><\/div><div class=\"ap-prdt-sub-content-area ap-prdt-image-content-area\"><div class=\"ap-prdt-image-description\">A hold\u00faj\u00e9v \u00e9rkez\u00e9s\u00e9nek \u00fcnnepl\u00e9se Vietnamban, illusztr\u00e1ci\u00f3s fot\u00f3, Shutterstock.<\/div><\/div><div class=\"ap-prdt-sub-content-area ap-prdt-text-content-area\"><p>A Szlov\u00e1k K\u00f6zt\u00e1rsas\u00e1g Hanoiban m\u0171k\u00f6d\u0151 nagyk\u00f6vets\u00e9ge azt aj\u00e1nlja a szlov\u00e1k \u00e1llampolg\u00e1roknak, hogy amennyiben be akarnak utazni az orsz\u00e1gba, minden formalit\u00e1st teljes\u00edtsenek, bele\u00e9rtve a k\u00f6vetkez\u0151k beny\u00fajt\u00e1s\u00e1t is\u00a0<strong>a v\u00edzumk\u00e9relmeket id\u0151ben feldolgozz\u00e1k<\/strong>mint\u00a0<strong>A vietnami bev\u00e1ndorl\u00e1si hat\u00f3s\u00e1gok az \u00fcnnepek alatt nem dolgozz\u00e1k fel a v\u00edzumk\u00e9relmeket.<\/strong><\/p><p><strong>V\u00e9szhelyzet eset\u00e9n<\/strong>\u00a0a Szlov\u00e1k K\u00f6zt\u00e1rsas\u00e1g \u00e1llampolg\u00e1rai a Szlov\u00e1k K\u00f6zt\u00e1rsas\u00e1g hanoiban l\u00e9v\u0151 nagyk\u00f6vets\u00e9g\u00e9nek s\u00fcrg\u0151ss\u00e9gi mobiltelefonsz\u00e1m\u00e1t: +84904988554 vagy a Szlov\u00e1k K\u00f6zt\u00e1rsas\u00e1g K\u00fcl\u00fcgyi \u00e9s Eur\u00f3pai \u00dcgyek Miniszt\u00e9rium\u00e1t: +421 2 5978 5978.<\/p><\/div><p><strong>Forr\u00e1s:<\/strong> A K\u00fclgazdas\u00e1gi \u00e9s K\u00fcl\u00fcgyminiszt\u00e9rium sajt\u00f3k\u00f6zlem\u00e9nyei<\/p>\t\t\t\t\t\t<\/div>\n\t\t\t\t<\/div>\n\t\t\t\t\t<\/div>\n\t\t<\/div>\n\t\t\t\t\t<\/div>\n\t\t<\/section>\n\t\t\t\t<\/div>","protected":false},"excerpt":{"rendered":"<p>A Szlov\u00e1k K\u00f6zt\u00e1rsas\u00e1g hanoi nagyk\u00f6vets\u00e9ge arra figyelmeztet, hogy a k\u00f6zelg\u0151 hold\u00faj\u00e9v \u00e9rkez\u00e9s\u00e9nek (2024. febru\u00e1r 8-14.) \u00fcnnepl\u00e9s\u00e9vel kapcsolatban az elk\u00f6vetkez\u0151 napokban figyelembe kell venni a k\u00fcl\u00f6nb\u00f6z\u0151, k\u00fcl\u00f6n\u00f6sen a k\u00f6zleked\u00e9si \u00e9s biztons\u00e1gi korl\u00e1toz\u00e1sokat, a fokozott k\u00f6zleked\u00e9si mobilit\u00e1st \u00e9s az orsz\u00e1gon bel\u00fcl utaz\u00f3k fokozott koncentr\u00e1ci\u00f3j\u00e1t. A k\u00f6zleked\u00e9si v\u00e1llalatok jelent\u0151s utassz\u00e1m-n\u00f6veked\u00e9sre sz\u00e1m\u00edtanak. Az \u00e9v legnagyobb \u00fcnnepnapjain sz\u00e1mos int\u00e9zm\u00e9ny, l\u00e9tes\u00edtm\u00e9ny, bev\u00e1s\u00e1rl\u00f3k\u00f6zpont \u00e9s kultur\u00e1lis helysz\u00edn [...]<\/p>","protected":false},"author":1,"featured_media":8430,"comment_status":"open","ping_status":"open","sticky":false,"template":"","format":"standard","meta":{"footnotes":"","iawp_total_views":66},"categories":[70,63],"tags":[],"acf":[],"_links":{"self":[{"href":"https:\/\/vizum.sk\/hu\/wp-json\/wp\/v2\/posts\/8429"}],"collection":[{"href":"https:\/\/vizum.sk\/hu\/wp-json\/wp\/v2\/posts"}],"about":[{"href":"https:\/\/vizum.sk\/hu\/wp-json\/wp\/v2\/types\/post"}],"author":[{"embeddable":true,"href":"https:\/\/vizum.sk\/hu\/wp-json\/wp\/v2\/users\/1"}],"replies":[{"embeddable":true,"href":"https:\/\/vizum.sk\/hu\/wp-json\/wp\/v2\/comments?post=8429"}],"version-history":[{"count":0,"href":"https:\/\/vizum.sk\/hu\/wp-json\/wp\/v2\/posts\/8429\/revisions"}],"wp:featuredmedia":[{"embeddable":true,"href":"https:\/\/vizum.sk\/hu\/wp-json\/wp\/v2\/media\/8430"}],"wp:attachment":[{"href":"https:\/\/vizum.sk\/hu\/wp-json\/wp\/v2\/media?parent=8429"}],"wp:term":[{"taxonomy":"category","embeddable":true,"href":"https:\/\/vizum.sk\/hu\/wp-json\/wp\/v2\/categories?post=8429"},{"taxonomy":"post_tag","embeddable":true,"href":"https:\/\/vizum.sk\/hu\/wp-json\/wp\/v2\/tags?post=8429"}],"curies":[{"name":"wp","href":"https:\/\/api.w.org\/{rel}","templated":true}]}}