{"id":9574,"date":"2024-04-02T00:23:08","date_gmt":"2024-04-01T22:23:08","guid":{"rendered":"https:\/\/vizum.sk\/?p=9574"},"modified":"2024-04-02T00:41:01","modified_gmt":"2024-04-01T22:41:01","slug":"novela_zakona_27_03_2024","status":"publish","type":"post","link":"https:\/\/vizum.sk\/hu\/torvenymodositas_2024_03_27\/","title":{"rendered":"A k\u00fclf\u00f6ldiek tart\u00f3zkod\u00e1s\u00e1r\u00f3l sz\u00f3l\u00f3 404\/2011. sz. t\u00f6rv\u00e9ny m\u00f3dos\u00edt\u00e1sa"},"content":{"rendered":"<div data-elementor-type=\"wp-post\" data-elementor-id=\"9574\" class=\"elementor elementor-9574\">\n\t\t\t\t\t\t<section class=\"elementor-section elementor-top-section elementor-element elementor-element-8f1e542 elementor-section-boxed elementor-section-height-default elementor-section-height-default\" data-id=\"8f1e542\" data-element_type=\"section\">\n\t\t\t\t\t\t<div class=\"elementor-container elementor-column-gap-default\">\n\t\t\t\t\t<div class=\"elementor-column elementor-col-100 elementor-top-column elementor-element elementor-element-fc30c11\" data-id=\"fc30c11\" data-element_type=\"column\">\n\t\t\t<div class=\"elementor-widget-wrap elementor-element-populated\">\n\t\t\t\t\t\t<div class=\"elementor-element elementor-element-57c68f4 elementor-widget elementor-widget-text-editor\" data-id=\"57c68f4\" data-element_type=\"widget\" data-widget_type=\"text-editor.default\">\n\t\t\t\t<div class=\"elementor-widget-container\">\n\t\t\t\t\t\t\t<p>Kedves \u00dcgyfeleink!\u00a0<br \/>A Szlov\u00e1k K\u00f6zt\u00e1rsas\u00e1g Bel\u00fcgyminiszt\u00e9riuma t\u00e1j\u00e9koztat a k\u00fclf\u00f6ldiek tart\u00f3zkod\u00e1s\u00e1r\u00f3l sz\u00f3l\u00f3 404\/2011. sz\u00e1m\u00fa t\u00f6rv\u00e9ny k\u00f6zelm\u00faltbeli v\u00e1ltoz\u00e1sair\u00f3l. Tov\u00e1bbi inform\u00e1ci\u00f3 az al\u00e1bbi sajt\u00f3k\u00f6zlem\u00e9nyben olvashat\u00f3.<\/p><p><strong>Szlov\u00e1kia \u00f6sszehangolja jogszab\u00e1lyait a\u00a0<a title=\"Az Eur\u00f3pai Parlament \u00e9s a Tan\u00e1cs (EU) 2021\/1883 ir\u00e1nyelve (2021. okt\u00f3ber 20.) a harmadik orsz\u00e1gbeli \u00e1llampolg\u00e1rok magas szint\u0171 k\u00e9pzetts\u00e9get ig\u00e9nyl\u0151 munkav\u00e1llal\u00e1s c\u00e9lj\u00e1b\u00f3l t\u00f6rt\u00e9n\u0151 beutaz\u00e1s\u00e1nak \u00e9s tart\u00f3zkod\u00e1s\u00e1nak felt\u00e9teleir\u0151l\" href=\"https:\/\/eur-lex.europa.eu\/legal-content\/SK\/TXT\/?uri=CELEX%3A32021L1883\" target=\"_blank\" rel=\"noopener\">Az Eur\u00f3pai Parlament \u00e9s a Tan\u00e1cs (EU) 2021\/1883 ir\u00e1nyelve (2021. okt\u00f3ber 20.) a harmadik orsz\u00e1gbeli \u00e1llampolg\u00e1rok magas szint\u0171 k\u00e9pzetts\u00e9get ig\u00e9nyl\u0151 munkav\u00e1llal\u00e1s c\u00e9lj\u00e1b\u00f3l t\u00f6rt\u00e9n\u0151 beutaz\u00e1s\u00e1nak \u00e9s tart\u00f3zkod\u00e1s\u00e1nak felt\u00e9teleir\u0151l<\/a>. Javaslat\u00a0<a href=\"https:\/\/rokovania.gov.sk\/RVL\/Material\/29385\/1\" target=\"_blank\" rel=\"noopener\">a k\u00fclf\u00f6ldiek tart\u00f3zkod\u00e1s\u00e1r\u00f3l sz\u00f3l\u00f3 404\/2011. sz. t\u00f6rv\u00e9ny m\u00f3dos\u00edt\u00e1sai<\/a>\u00a02024. m\u00e1rcius 27-\u00e9n, szerd\u00e1n Mat\u00fa\u0161 \u0160utaj E\u0161tok bel\u00fcgyminiszter beny\u00fajtotta a kabinet \u00fcl\u00e9se el\u0151tt a k\u00f6vetkez\u0151 javaslatot<\/strong><\/p><p><strong>A szakk\u00e9pzett munkak\u00f6r\u00f6k bet\u00f6lt\u00e9s\u00e9hez elegend\u0151 az els\u0151 oszt\u00e1ly\u00fa egyetemi diploma.<\/strong>, a kiv\u00e1lasztott IKT-szakm\u00e1k eset\u00e9ben elegend\u0151 a magasan k\u00e9pzett szakm\u00e1ban szerzett munkatapasztalattal igazolt magasabb szint\u0171 szakmai k\u00e9szs\u00e9g.<\/p><p>A kibocs\u00e1t\u00e1si id\u0151szak\u00a0<strong>a magasan k\u00e9pzett munkak\u00f6r\u00f6knek megfelel\u0151 \u00fcres \u00e1ll\u00e1s bet\u00f6lt\u00e9s\u00e9nek lehet\u0151s\u00e9g\u00e9t 4 \u00e9vr\u0151l 5 \u00e9vre hosszabb\u00edtj\u00e1k meg.<\/strong>.\u00a0<\/p><p>Az Eur\u00f3pai Uni\u00f3 k\u00e9k k\u00e1rty\u00e1ja olyan ideiglenes tart\u00f3zkod\u00e1si enged\u00e9ly, amely lehet\u0151v\u00e9 teszi a harmadik orsz\u00e1g \u00e1llampolg\u00e1ra sz\u00e1m\u00e1ra, hogy a Szlov\u00e1k K\u00f6zt\u00e1rsas\u00e1g ter\u00fclet\u00e9re bel\u00e9pjen, ott tart\u00f3zkodjon, magasan k\u00e9pzett munkav\u00e1llal\u00e1s c\u00e9lj\u00e1b\u00f3l munk\u00e1t v\u00e1llaljon, a Szlov\u00e1k K\u00f6zt\u00e1rsas\u00e1g ter\u00fclet\u00e9t elhagyja, \u00e9s a Szlov\u00e1k K\u00f6zt\u00e1rsas\u00e1g ter\u00fclet\u00e9re \u00fajra bel\u00e9pjen arra az id\u0151szakra, amelyre a k\u00e1rty\u00e1t ki\u00e1ll\u00edtott\u00e1k sz\u00e1m\u00e1ra.<\/p><p>\u0150k is b\u0151v\u00edtik\u00a0<strong>\u00a0azon helyzetek meghat\u00e1roz\u00e1sa, amelyekben egy harmadik orsz\u00e1g \u00e1llampolg\u00e1r\u00e1nak a Szlov\u00e1k K\u00f6zt\u00e1rsas\u00e1g ter\u00fclet\u00e9re val\u00f3 bel\u00e9p\u00e9s\u00e9t vagy tart\u00f3zkod\u00e1s\u00e1t meg lehet tagadni.<br \/><\/strong>Ebben az \u00f6sszef\u00fcgg\u00e9sben kifejezetten megeml\u00edtik azokat az eseteket, amikor egy harmadik orsz\u00e1g \u00e1llampolg\u00e1ra visszat\u00e9r vagy nem t\u00e9r vissza haz\u00e1j\u00e1ba vagy egy m\u00e1sik tag\u00e1llamba, miut\u00e1n k\u00f6zigazgat\u00e1si kiutas\u00edt\u00e1si hat\u00e1rozatot hoztak. P\u00e9ld\u00e1ul, ha az illeg\u00e1lis migr\u00e1ns szem\u00e9lyazonoss\u00e1ga nem \u00e1llap\u00edthat\u00f3 meg egy\u00e9rtelm\u0171en.\u00a0<\/p><p>Az illeg\u00e1lis migr\u00e1ci\u00f3 elleni k\u00fczdelemmel \u00f6sszef\u00fcgg\u00e9sben a Bizotts\u00e1g javasolja, hogy a k\u00fclf\u00f6ldiek \u00e1tad\u00e1sa eset\u00e9n a k\u00f6vetkez\u0151ket vezess\u00e9k be\u00a0<strong>a rend\u0151r enged\u00e9lye telefon, t\u00e1vk\u00f6zl\u00e9si, audiovizu\u00e1lis vagy hasonl\u00f3 berendez\u00e9s vagy elektronikus adathordoz\u00f3 \u00e1tkutat\u00e1s\u00e1ra<\/strong>a k\u00fclf\u00f6ldi \u00e1ltal a szem\u00e9lyazonoss\u00e1g\u00e1nak \u00e9s \u00e1llampolg\u00e1rs\u00e1g\u00e1nak miel\u0151bbi meg\u00e1llap\u00edt\u00e1sa \u00e9rdek\u00e9ben.<\/p><p><strong>A m\u00f3dos\u00edt\u00e1s tov\u00e1bb\u00e1:<\/strong><\/p><ul><li>meg\u00e1llap\u00edtja a Bel\u00fcgyminiszt\u00e9rium hat\u00e1sk\u00f6r\u00e9t a vil\u00e1g m\u00e1s orsz\u00e1gai \u00fati okm\u00e1nyainak elismer\u00e9s\u00e9re,<\/li><li>k\u00f6telezi a harmadik orsz\u00e1gbeli \u00e1llampolg\u00e1rokat, hogy igazolj\u00e1k\u00a0<strong>a Szlov\u00e1k K\u00f6zt\u00e1rsas\u00e1g ter\u00fclet\u00e9nek elhagy\u00e1sakor is<\/strong>\u00a0\u00e9rv\u00e9nyes \u00fati okm\u00e1ny, csak\u00fagy, mint a ter\u00fclet\u00fcnkre val\u00f3 bel\u00e9p\u00e9skor,<\/li><li>javasoljuk\u00a0<strong>\u00faj okok a nemzeti v\u00edzum megad\u00e1s\u00e1nak megtagad\u00e1s\u00e1ra,<\/strong><\/li><li>bevezeti a nemzeti v\u00edzum ig\u00e9nyl\u00e9s\u00e9nek lehet\u0151s\u00e9g\u00e9t is\u00a0<strong>k\u00fcls\u0151 szolg\u00e1ltat\u00f3n kereszt\u00fcl.<br \/><br \/><\/strong><\/li><\/ul><p>A javasolt v\u00e1ltoztat\u00e1sok egy sz\u00e9lesebb k\u00f6r\u0171 er\u0151fesz\u00edt\u00e9s r\u00e9sz\u00e9t k\u00e9pezik.\u00a0<strong>a Szlov\u00e1k K\u00f6zt\u00e1rsas\u00e1g migr\u00e1ci\u00f3s \u00e9s v\u00edzumpolitik\u00e1j\u00e1nak naprak\u00e9ssz\u00e9 t\u00e9tel\u00e9r\u0151l \u00e9s \u00e9sszer\u0171s\u00edt\u00e9s\u00e9r\u0151l<\/strong>. A c\u00e9l az, hogy javuljon\u00a0<strong>a migr\u00e1ci\u00f3 ellen\u0151rz\u00e9se<\/strong>\u00a0\u00e9s ugyanakkor\u00a0<strong>A leg\u00e1lis migr\u00e1nsok \u00e9s a harmadik orsz\u00e1gokb\u00f3l \u00e9rkez\u0151 l\u00e1togat\u00f3k elj\u00e1r\u00e1sainak megk\u00f6nny\u00edt\u00e9se.<\/strong><\/p>\t\t\t\t\t\t<\/div>\n\t\t\t\t<\/div>\n\t\t\t\t\t<\/div>\n\t\t<\/div>\n\t\t\t\t\t<\/div>\n\t\t<\/section>\n\t\t\t\t<\/div>","protected":false},"excerpt":{"rendered":"<p>Tisztelt \u00dcgyfeleink, A Szlov\u00e1k K\u00f6zt\u00e1rsas\u00e1g Bel\u00fcgyminiszt\u00e9riuma t\u00e1j\u00e9koztat a k\u00fclf\u00f6ldiek tart\u00f3zkod\u00e1s\u00e1r\u00f3l sz\u00f3l\u00f3 404\/2011. sz. t\u00f6rv\u00e9ny leg\u00fajabb v\u00e1ltoz\u00e1sair\u00f3l. Tov\u00e1bbi inform\u00e1ci\u00f3k az al\u00e1bbi sajt\u00f3k\u00f6zlem\u00e9nyben olvashat\u00f3k. Szlov\u00e1kia \u00f6sszehangolja jogszab\u00e1lyait az Eur\u00f3pai Parlament \u00e9s a Tan\u00e1cs (EU) 2021\/1883 ir\u00e1nyelv\u00e9vel (2021. okt\u00f3ber 20.) a harmadik orsz\u00e1gbeli \u00e1llampolg\u00e1rok magas szint\u0171 k\u00e9pzetts\u00e9get ig\u00e9nyl\u0151 munkav\u00e1llal\u00e1s c\u00e9lj\u00e1b\u00f3l t\u00f6rt\u00e9n\u0151 beutaz\u00e1s\u00e1nak \u00e9s tart\u00f3zkod\u00e1s\u00e1nak felt\u00e9teleir\u0151l. A t\u00f6rv\u00e9ny m\u00f3dos\u00edt\u00e1s\u00e1nak tervezete a [...]<\/p>","protected":false},"author":1,"featured_media":8349,"comment_status":"open","ping_status":"open","sticky":false,"template":"","format":"standard","meta":{"footnotes":"","iawp_total_views":158},"categories":[47,46],"tags":[],"acf":[],"_links":{"self":[{"href":"https:\/\/vizum.sk\/hu\/wp-json\/wp\/v2\/posts\/9574"}],"collection":[{"href":"https:\/\/vizum.sk\/hu\/wp-json\/wp\/v2\/posts"}],"about":[{"href":"https:\/\/vizum.sk\/hu\/wp-json\/wp\/v2\/types\/post"}],"author":[{"embeddable":true,"href":"https:\/\/vizum.sk\/hu\/wp-json\/wp\/v2\/users\/1"}],"replies":[{"embeddable":true,"href":"https:\/\/vizum.sk\/hu\/wp-json\/wp\/v2\/comments?post=9574"}],"version-history":[{"count":0,"href":"https:\/\/vizum.sk\/hu\/wp-json\/wp\/v2\/posts\/9574\/revisions"}],"wp:featuredmedia":[{"embeddable":true,"href":"https:\/\/vizum.sk\/hu\/wp-json\/wp\/v2\/media\/8349"}],"wp:attachment":[{"href":"https:\/\/vizum.sk\/hu\/wp-json\/wp\/v2\/media?parent=9574"}],"wp:term":[{"taxonomy":"category","embeddable":true,"href":"https:\/\/vizum.sk\/hu\/wp-json\/wp\/v2\/categories?post=9574"},{"taxonomy":"post_tag","embeddable":true,"href":"https:\/\/vizum.sk\/hu\/wp-json\/wp\/v2\/tags?post=9574"}],"curies":[{"name":"wp","href":"https:\/\/api.w.org\/{rel}","templated":true}]}}