{"id":9809,"date":"2024-05-24T16:38:43","date_gmt":"2024-05-24T14:38:43","guid":{"rendered":"https:\/\/vizum.sk\/?p=9809"},"modified":"2024-05-25T19:51:58","modified_gmt":"2024-05-25T17:51:58","slug":"zvysenie-zivotneho-minima-v-slovenskej-republike","status":"publish","type":"post","link":"https:\/\/vizum.sk\/hu\/a-megelhetesi-berek-emelese-a-szlovak-koztarsasagban\/","title":{"rendered":"A l\u00e9tminimum emel\u00e9se a Szlov\u00e1k K\u00f6zt\u00e1rsas\u00e1gban"},"content":{"rendered":"<div data-elementor-type=\"wp-post\" data-elementor-id=\"9809\" class=\"elementor elementor-9809\">\n\t\t\t\t\t\t<section class=\"elementor-section elementor-top-section elementor-element elementor-element-e5d11e2 elementor-section-boxed elementor-section-height-default elementor-section-height-default\" data-id=\"e5d11e2\" data-element_type=\"section\">\n\t\t\t\t\t\t<div class=\"elementor-container elementor-column-gap-default\">\n\t\t\t\t\t<div class=\"elementor-column elementor-col-100 elementor-top-column elementor-element elementor-element-3d642af\" data-id=\"3d642af\" data-element_type=\"column\">\n\t\t\t<div class=\"elementor-widget-wrap elementor-element-populated\">\n\t\t\t\t\t\t<div class=\"elementor-element elementor-element-0bb95d1 elementor-widget elementor-widget-text-editor\" data-id=\"0bb95d1\" data-element_type=\"widget\" data-widget_type=\"text-editor.default\">\n\t\t\t\t<div class=\"elementor-widget-container\">\n\t\t\t\t\t\t\t<p>Kedves \u00dcgyfeleink!\u00a0<br \/>2024. j\u00falius 1-j\u00e9t\u0151l a szlov\u00e1kiai l\u00e9tminimum \u00f6sszege a k\u00f6vetkez\u0151 \u00f6sszegre emelkedik <strong>273,99 \u20ac<\/strong>. A l\u00e9tminimum \u00e9ves n\u00f6veked\u00e9se <strong>1,9% n\u00f6veked\u00e9s<\/strong>. Ez a n\u00f6veked\u00e9s nemcsak az \u00e1llampolg\u00e1rokra, hanem az ideiglenes \u00e9s \u00e1lland\u00f3 tart\u00f3zkod\u00e1si enged\u00e9lyt k\u00e9relmez\u0151kre is jelent\u0151s hat\u00e1ssal van. Hogyan hat ez a v\u00e1ltoz\u00e1s e csoportok \u00e9letk\u00f6r\u00fclm\u00e9nyeire, \u00e9s milyen sz\u00e9lesebb k\u00f6r\u0171 t\u00e1rsadalmi \u00e9s gazdas\u00e1gi k\u00f6vetkezm\u00e9nyei vannak?<\/p><h3>Minim\u00e1lis meg\u00e9lhet\u00e9si \u00e9s tart\u00f3zkod\u00e1si st\u00e1tusz<\/h3><p>A l\u00e9tminimum az a j\u00f6vedelemhat\u00e1r, amely alatt a tart\u00f3zkod\u00e1si enged\u00e9lyt k\u00e9relmez\u0151 szem\u00e9ly gazdas\u00e1gilag biztons\u00e1gosnak tekinthet\u0151. Az ideiglenes \u00e9s \u00e1lland\u00f3 tart\u00f3zkod\u00e1si enged\u00e9lyt k\u00e9relmez\u0151k sz\u00e1m\u00e1ra a l\u00e9tminimum emelked\u00e9se fontos t\u00e9nyez\u0151, amely befoly\u00e1solja, hogy k\u00e9pesek-e biztos\u00edtani alapvet\u0151 meg\u00e9lhet\u00e9si sz\u00fcks\u00e9gleteiket, \u00e9s teljes\u00edteni a tart\u00f3zkod\u00e1si jog\u00e1ll\u00e1s megszerz\u00e9s\u00e9hez vagy fenntart\u00e1s\u00e1hoz sz\u00fcks\u00e9ges k\u00f6vetelm\u00e9nyeket.<\/p><h3>Az emel\u00e9s okai \u00e9s jelent\u0151s\u00e9ge a tart\u00f3zkod\u00e1si enged\u00e9lyt k\u00e9relmez\u0151k sz\u00e1m\u00e1ra<\/h3><ol><li><p><strong>Infl\u00e1ci\u00f3 \u00e9s meg\u00e9lhet\u00e9si k\u00f6lts\u00e9gek emelked\u00e9se<\/strong>V: Az \u00e9lelmiszerek, a lakhat\u00e1s \u00e9s a szolg\u00e1ltat\u00e1sok \u00e1r\u00e1nak emelked\u00e9se k\u00f6zvetlen hat\u00e1ssal van minden lakosra, bele\u00e9rtve a letelepedni sz\u00e1nd\u00e9koz\u00f3kat is. A l\u00e9tminimum 273,99 eur\u00f3ra t\u00f6rt\u00e9n\u0151 emel\u00e9se seg\u00edt enyh\u00edteni az alacsony j\u00f6vedelm\u0171 csoportokra nehezed\u0151 p\u00e9nz\u00fcgyi nyom\u00e1st, bele\u00e9rtve a Szlov\u00e1ki\u00e1ban leg\u00e1lis tart\u00f3zkod\u00e1si enged\u00e9lyt k\u00e9r\u0151ket is.<\/p><\/li><li><p><strong>T\u00e1rsadalmi befogad\u00e1s<\/strong>V: Az ideiglenes \u00e9s \u00e1lland\u00f3 tart\u00f3zkod\u00e1si enged\u00e9lyt k\u00e9relmez\u0151knek gyakran nagyobb kih\u00edv\u00e1st jelent a t\u00e1rsadalomba val\u00f3 beilleszked\u00e9s. A magasabb l\u00e9tminimum seg\u00edthet abban, hogy jobban hozz\u00e1f\u00e9rjenek az alapvet\u0151 szolg\u00e1ltat\u00e1sokhoz \u00e9s stabilabb gazdas\u00e1gi felt\u00e9teleket biztos\u00edtsanak sz\u00e1mukra.<\/p><\/li><li><p><strong>T\u00e1mogat\u00e1s a k\u00e9relmez\u0151 csal\u00e1doknak<\/strong>V: Sok p\u00e1ly\u00e1z\u00f3 csal\u00e1dj\u00e1val \u00e9rkezik Szlov\u00e1ki\u00e1ba, vagy k\u00fclf\u00f6ldr\u0151l kap anyagi t\u00e1mogat\u00e1st. A l\u00e9tminimum emel\u00e9se magasabb gyermeknevel\u00e9si \u00e9s egy\u00e9b csal\u00e1di p\u00f3tl\u00e9kot is jelenthet, ami jav\u00edtja csal\u00e1djuk gazdas\u00e1gi helyzet\u00e9t.<\/p><\/li><\/ol><h3>A l\u00e9tminimum emel\u00e9s\u00e9nek hat\u00e1sa a tart\u00f3zkod\u00e1si enged\u00e9lyt k\u00e9relmez\u0151kre<\/h3><ol><li><p><strong>Hozz\u00e1f\u00e9r\u00e9s a szoci\u00e1lis juttat\u00e1sokhoz<\/strong>V: Az ideiglenes \u00e9s \u00e1lland\u00f3 tart\u00f3zkod\u00e1si enged\u00e9lyt k\u00e9relmez\u0151k, akik leg\u00e1lisan foglalkoztatottak vagy szoci\u00e1lis juttat\u00e1sokra jogosultak, k\u00f6zvetlen\u00fcl r\u00e9szes\u00fclnek ebb\u0151l az emel\u00e9sb\u0151l. A magasabb anyagi neh\u00e9zs\u00e9gek \u00e9s egy\u00e9b juttat\u00e1sok seg\u00edteni fogj\u00e1k alapvet\u0151 sz\u00fcks\u00e9gleteik kiel\u00e9g\u00edt\u00e9s\u00e9t.<\/p><\/li><li><p><strong>Lakhat\u00e1si \u00e9s \u00e9letk\u00f6r\u00fclm\u00e9nyek<\/strong>V: A meg\u00e9lhet\u00e9si b\u00e9r emel\u00e9se seg\u00edthet az ig\u00e9nyl\u0151knek jobban kezelni a lakhat\u00e1si k\u00f6lts\u00e9geket, amelyek gyakran az egyik legnagyobb p\u00e9nz\u00fcgyi terhet jelentik. A stabilabb gazdas\u00e1gi felt\u00e9telek jobb lakhat\u00e1shoz \u00e9s \u00e1ltal\u00e1nos \u00e9letmin\u0151s\u00e9ghez vezetnek.<\/p><\/li><li><p><strong>Integr\u00e1ci\u00f3 \u00e9s t\u00e1rsadalmi stabilit\u00e1s<\/strong>V: A k\u00e9relmez\u0151k jobb gazdas\u00e1gi felt\u00e9telei hozz\u00e1j\u00e1rulnak a gyorsabb \u00e9s sikeresebb t\u00e1rsadalmi beilleszked\u00e9shez. Ez nagyobb t\u00e1rsadalmi stabilit\u00e1shoz \u00e9s harm\u00f3ni\u00e1hoz vezet a t\u00e1rsadalomban.<\/p><\/li><\/ol><h3>A l\u00e9tminimum kisz\u00e1m\u00edt\u00e1sa \u00e9s kiigaz\u00edt\u00e1sa<\/h3><p>A szlov\u00e1kiai l\u00e9tminimumot rendszeresen kiigaz\u00edtj\u00e1k a gazdas\u00e1gi mutat\u00f3k, p\u00e9ld\u00e1ul az infl\u00e1ci\u00f3 alapj\u00e1n. Ez a folyamat figyelembe veszi a meg\u00e9lhet\u00e9si k\u00f6lts\u00e9gek k\u00f6zelm\u00faltbeli v\u00e1ltoz\u00e1sait, \u00e9s arra t\u00f6rekszik, hogy a szoci\u00e1lis v\u00e9delem t\u00fckr\u00f6zze a lakoss\u00e1g val\u00f3s sz\u00fcks\u00e9gleteit.<\/p><h3>K\u00f6vetkeztet\u00e9s<\/h3><p>A l\u00e9tminimum megemel\u00e9se <strong>273,99 \u20ac<\/strong> jelent\u0151s pozit\u00edv hat\u00e1ssal van az ideiglenes \u00e9s \u00e1lland\u00f3 szlov\u00e1kiai tart\u00f3zkod\u00e1st k\u00e9relmez\u0151k \u00e9letk\u00f6r\u00fclm\u00e9nyeire. Ez seg\u00edt enyh\u00edteni a gazdas\u00e1gi neh\u00e9zs\u00e9geket, el\u0151seg\u00edti a t\u00e1rsadalmi befogad\u00e1st \u00e9s jav\u00edtja az \u00e1ltal\u00e1nos \u00e9letmin\u0151s\u00e9get. A k\u00e9relmez\u0151k sz\u00e1m\u00e1ra, akiknek gyakran nagyobb kih\u00edv\u00e1st jelent az alapvet\u0151 sz\u00fcks\u00e9gleteik biztos\u00edt\u00e1sa, ez a v\u00e1ltoz\u00e1s konkr\u00e9t t\u00e1mogat\u00e1st \u00e9s jobb es\u00e9lyeket jelent a szlov\u00e1k t\u00e1rsadalomba val\u00f3 sikeres beilleszked\u00e9sre.<\/p><p><strong>Forr\u00e1s:<\/strong> https:\/\/www.slov-lex.sk\/legislativne-procesy\/SK\/LP\/2024\/235<\/p>\t\t\t\t\t\t<\/div>\n\t\t\t\t<\/div>\n\t\t\t\t\t<\/div>\n\t\t<\/div>\n\t\t\t\t\t<\/div>\n\t\t<\/section>\n\t\t\t\t<\/div>","protected":false},"excerpt":{"rendered":"<p>Kedves \u00fcgyfeleink, 2024. j\u00falius 1-j\u00e9t\u0151l a szlov\u00e1kiai l\u00e9tminimum 273,99 eur\u00f3ra emelkedett. A l\u00e9tminimum szintj\u00e9nek emelked\u00e9se az el\u0151z\u0151 \u00e9vhez k\u00e9pest 1,9% n\u00f6veked\u00e9st jelent. Ez az emel\u00e9s nem csak a belf\u00f6ldi lakosokra, hanem az ideiglenes \u00e9s \u00e1lland\u00f3 tart\u00f3zkod\u00e1si enged\u00e9lyt k\u00e9relmez\u0151kre is jelent\u0151s hat\u00e1ssal van. Hogyan \u00e9rinti ez a v\u00e1ltoz\u00e1s e csoportok \u00e9letk\u00f6r\u00fclm\u00e9nyeit, \u00e9s milyen sz\u00e9lesebb k\u00f6r\u0171 t\u00e1rsadalmi [...]<\/p>","protected":false},"author":1,"featured_media":9810,"comment_status":"open","ping_status":"open","sticky":false,"template":"","format":"standard","meta":{"footnotes":"","iawp_total_views":257},"categories":[46],"tags":[],"acf":[],"_links":{"self":[{"href":"https:\/\/vizum.sk\/hu\/wp-json\/wp\/v2\/posts\/9809"}],"collection":[{"href":"https:\/\/vizum.sk\/hu\/wp-json\/wp\/v2\/posts"}],"about":[{"href":"https:\/\/vizum.sk\/hu\/wp-json\/wp\/v2\/types\/post"}],"author":[{"embeddable":true,"href":"https:\/\/vizum.sk\/hu\/wp-json\/wp\/v2\/users\/1"}],"replies":[{"embeddable":true,"href":"https:\/\/vizum.sk\/hu\/wp-json\/wp\/v2\/comments?post=9809"}],"version-history":[{"count":0,"href":"https:\/\/vizum.sk\/hu\/wp-json\/wp\/v2\/posts\/9809\/revisions"}],"wp:featuredmedia":[{"embeddable":true,"href":"https:\/\/vizum.sk\/hu\/wp-json\/wp\/v2\/media\/9810"}],"wp:attachment":[{"href":"https:\/\/vizum.sk\/hu\/wp-json\/wp\/v2\/media?parent=9809"}],"wp:term":[{"taxonomy":"category","embeddable":true,"href":"https:\/\/vizum.sk\/hu\/wp-json\/wp\/v2\/categories?post=9809"},{"taxonomy":"post_tag","embeddable":true,"href":"https:\/\/vizum.sk\/hu\/wp-json\/wp\/v2\/tags?post=9809"}],"curies":[{"name":"wp","href":"https:\/\/api.w.org\/{rel}","templated":true}]}}