{"id":9861,"date":"2024-06-11T10:00:47","date_gmt":"2024-06-11T08:00:47","guid":{"rendered":"https:\/\/vizum.sk\/?p=9861"},"modified":"2024-06-11T10:57:24","modified_gmt":"2024-06-11T08:57:24","slug":"lex-ukrajina-zmena-v-poskytovani-prispevkov-odidencom","status":"publish","type":"post","link":"https:\/\/vizum.sk\/hu\/lex-ukran-valtozas-a-kulfoldieknek-nyujtott-hozzajarulasokban\/","title":{"rendered":"Lex Ukrajna - A k\u00fclf\u00f6ldieknek ny\u00fajtott juttat\u00e1sok v\u00e1ltoz\u00e1sai"},"content":{"rendered":"<div data-elementor-type=\"wp-post\" data-elementor-id=\"9861\" class=\"elementor elementor-9861\">\n\t\t\t\t\t\t<section class=\"elementor-section elementor-top-section elementor-element elementor-element-11fcc9e elementor-section-boxed elementor-section-height-default elementor-section-height-default\" data-id=\"11fcc9e\" data-element_type=\"section\">\n\t\t\t\t\t\t<div class=\"elementor-container elementor-column-gap-default\">\n\t\t\t\t\t<div class=\"elementor-column elementor-col-100 elementor-top-column elementor-element elementor-element-0e69dd9\" data-id=\"0e69dd9\" data-element_type=\"column\">\n\t\t\t<div class=\"elementor-widget-wrap elementor-element-populated\">\n\t\t\t\t\t\t<div class=\"elementor-element elementor-element-e236b47 elementor-widget elementor-widget-text-editor\" data-id=\"e236b47\" data-element_type=\"widget\" data-widget_type=\"text-editor.default\">\n\t\t\t\t<div class=\"elementor-widget-container\">\n\t\t\t\t\t\t\t<p><strong>A korm\u00e1ny 2024. j\u00fanius 5-\u00e9n, szerd\u00e1n j\u00f3v\u00e1hagyta a k\u00f6vetkez\u0151 hat\u00e1rozatot\u00a0<a title=\"T\u00f6rv\u00e9nyjavaslat a m\u00f3dos\u00edtott, a mened\u00e9kjogr\u00f3l sz\u00f3l\u00f3 480\/2002. sz. t\u00f6rv\u00e9ny m\u00f3dos\u00edt\u00e1s\u00e1r\u00f3l \u00e9s egyes t\u00f6rv\u00e9nyek m\u00f3dos\u00edt\u00e1s\u00e1r\u00f3l \u00e9s kieg\u00e9sz\u00edt\u00e9s\u00e9r\u0151l, valamint egyes t\u00f6rv\u00e9nyek m\u00f3dos\u00edt\u00e1s\u00e1r\u00f3l \u00e9s kieg\u00e9sz\u00edt\u00e9s\u00e9r\u0151l sz\u00f3l\u00f3 t\u00f6rv\u00e9nyjavaslat\" href=\"https:\/\/rokovania.gov.sk\/RVL\/Material\/29644\/1\" target=\"_blank\" rel=\"noopener\">A Bel\u00fcgyminiszt\u00e9rium javaslata a menek\u00fclt\u00fcgyr\u0151l sz\u00f3l\u00f3 480\/2002. sz. t\u00f6rv\u00e9ny m\u00f3dos\u00edt\u00e1s\u00e1ra vonatkoz\u00f3an<\/a>a menek\u00fclt\u00fcgyi elj\u00e1r\u00e1sokkal \u00e9s az \u00e1tmeneti sz\u00e1ll\u00e1s biztos\u00edt\u00e1s\u00e1val kapcsolatban. Mat\u00fa\u0161 \u0160utaj Estok miniszter szerint a c\u00e9l a harmadik orsz\u00e1gok \u00e1llampolg\u00e1rainak a Szlov\u00e1k K\u00f6zt\u00e1rsas\u00e1g ter\u00fclet\u00e9n ny\u00fajtott v\u00e9delemmel kapcsolatos elj\u00e1r\u00e1sok jav\u00edt\u00e1sa \u00e9s egyszer\u0171s\u00edt\u00e9se.<\/strong><\/p><p><em>\"120 napig ingyenes sz\u00e1ll\u00e1st biztos\u00edtunk azoknak az els\u0151 alkalommal \u00e9rkez\u0151 menek\u00fclteknek, akik ideiglenes sz\u00e1ll\u00e1st kaptak a ter\u00fclet\u00fcnk\u00f6n. Ezt k\u00f6vet\u0151en csak a kiszolg\u00e1ltatott szem\u00e9lyek sz\u00e1m\u00e1ra lesz biztos\u00edtva. A ny\u00fajtott t\u00e1mogat\u00e1s \u00f6sszege\u00a0<a href=\"https:\/\/www.minv.sk\/?tlacove-spravy-6&amp;sprava=vlada-schvalila-zmeny-v-poskytovani-prispevku-za-ubytovanie-odidencov-z-ukrajiny\" target=\"_blank\" rel=\"noopener\">Ne v\u00e1ltoztasson<\/a><\/em><em>,\"<\/em><strong><em>\u00a0<\/em>mondta a bel\u00fcgyminiszter<\/strong>. A korm\u00e1ny ez\u00e9rt mostant\u00f3l t\u00e1rgyalni fog az ilyen \u00fcgyekben.\u00a0<strong>csak a ny\u00fajtott juttat\u00e1s \u00f6sszege<\/strong>, nem pedig a rendelkez\u00e9s kiterjeszt\u00e9s\u00e9r\u0151l.\u00a0<\/p><p><strong>A kil\u00e9p\u0151k sz\u00e1m\u00e1ra lakhat\u00e1si t\u00e1mogat\u00e1s ny\u00fajt\u00e1sa<\/strong>:<\/p><p>A t\u00e1mogat\u00e1s csak bizonyos felt\u00e9telek mellett adhat\u00f3, bele\u00e9rtve a rokons\u00e1gra \u00e9s a Szlov\u00e1k K\u00f6zt\u00e1rsas\u00e1g ter\u00fclet\u00e9n l\u00e9v\u0151 ingatlanok tulajdonl\u00e1s\u00e1ra vonatkoz\u00f3 korl\u00e1toz\u00e1sokat. A t\u00e1mogat\u00e1st a k\u00f6vetkez\u0151kre ny\u00fajtj\u00e1k\u00a0<strong>120 nap a Szlov\u00e1k K\u00f6zt\u00e1rsas\u00e1gban ny\u00fajtott els\u0151 ideiglenes mened\u00e9khely biztos\u00edt\u00e1s\u00e1t\u00f3l sz\u00e1m\u00edtva<\/strong>. Hosszabb id\u0151re a k\u00fclf\u00f6ldi kik\u00fcld\u00f6tt sz\u00e1ll\u00e1sk\u00f6lts\u00e9g-t\u00e9r\u00edt\u00e9se \u00e1ll rendelkez\u00e9sre sz\u00e1ll\u00e1s eset\u00e9n:<\/p><ul><li>az anyagi r\u00e1szorults\u00e1gi t\u00e1mogat\u00e1sban r\u00e9szes\u00fcl\u0151 h\u00e1ztart\u00e1s tagjai,<\/li><li>s\u00falyos fogyat\u00e9koss\u00e1ggal \u00e9l\u0151 szem\u00e9ly, aki humanit\u00e1rius seg\u00edts\u00e9gny\u00fajt\u00e1s t\u00e1mogat\u00e1s\u00e1ban r\u00e9szes\u00fcl,<\/li><li>65. \u00e9let\u00e9v\u00e9t bet\u00f6lt\u00f6tt szem\u00e9ly,<\/li><li>5 \u00e9v alatti gyermek,<\/li><li>5 \u00e9v alatti gyermeket egyed\u00fcl nevel\u0151 sz\u00fcl\u0151, vagy olyan szem\u00e9ly, aki b\u00edr\u00f3s\u00e1gi hat\u00e1rozat alapj\u00e1n szem\u00e9lyesen gondoskodik 5 \u00e9v alatti gyermekr\u0151l.<\/li><\/ul><p class=\"p2\"><span class=\"s1\">Hasonl\u00f3 szab\u00e1lyokat javasolnak a Szlov\u00e1k K\u00f6zt\u00e1rsas\u00e1g Bel\u00fcgyminiszt\u00e9rium\u00e1nak Migr\u00e1ci\u00f3s Hivatal\u00e1nak menek\u00fclt\u00fcgyi int\u00e9zm\u00e9nyeiben t\u00f6rt\u00e9n\u0151 elhelyez\u00e9sre, de ezek a szem\u00e9lyek sz\u0171kebb k\u00f6r\u00e9re vonatkoznak majd.<\/span><\/p><p>A K\u00f6zleked\u00e9si Miniszt\u00e9rium a tov\u00e1bbiakban nem ny\u00fajt sz\u00e1ll\u00e1sk\u00f6lts\u00e9g-t\u00e1mogat\u00e1st az idegenforgalom el\u0151mozd\u00edt\u00e1s\u00e1r\u00f3l sz\u00f3l\u00f3 t\u00f6rv\u00e9ny alapj\u00e1n.<\/p><p><strong>Az ideiglenes mened\u00e9kjog megad\u00e1s\u00e1ra vonatkoz\u00f3 elj\u00e1r\u00e1s akkor is egyszer\u0171s\u00f6dik, ha az elj\u00e1r\u00e1st a gyermek Szlov\u00e1k K\u00f6zt\u00e1rsas\u00e1g ter\u00fclet\u00e9n t\u00f6rt\u00e9n\u0151 sz\u00fclet\u00e9se ind\u00edtotta el.<\/strong>\u00a0menek\u00fclt vagy ideiglenes sz\u00e1ll\u00e1st k\u00e9r\u0151 k\u00fclf\u00f6ldi. A sz\u00f6veg a k\u00f6vetkez\u0151kkel eg\u00e9sz\u00fcl ki\u00a0<strong>\u00faj elbocs\u00e1t\u00e1si okok<\/strong>\u00a0ideiglenes mened\u00e9kjogi \u00e9s menek\u00fclt\u00fcgyi elj\u00e1r\u00e1sok. A k\u00f6vetkez\u0151 esetekben\u00a0<strong>ism\u00e9telt alkalmaz\u00e1sok<\/strong>\u00a0a mened\u00e9kjog ir\u00e1nti k\u00e9relemben is szerepel a \"t\u00e9ny\u00e1ll\u00e1s l\u00e9nyeges megv\u00e1ltoz\u00e1sa\".<\/p><p><span class=\"s1\">A Szlov\u00e1k K\u00f6zt\u00e1rsas\u00e1g ter\u00fclet\u00e9n a kieg\u00e9sz\u00edt\u0151 v\u00e9delemben r\u00e9szes\u00fcl\u0151 k\u00e9relmez\u0151, mened\u00e9kk\u00e9r\u0151 vagy k\u00fclf\u00f6ldi \u00e1ltal sz\u00fcletett gyermek, aki sz\u00fclet\u00e9se r\u00e9v\u00e9n megszerzi az Eur\u00f3pai Uni\u00f3 egy m\u00e1sik tag\u00e1llam\u00e1nak \u00e1llampolg\u00e1rs\u00e1g\u00e1t, m\u00e1r nem min\u0151s\u00fcl<strong>a t\u00f6rv\u00e9ny \u00e9rtelm\u00e9ben k\u00f6zvetlen\u00fcl k\u00e9relmez\u0151nek min\u0151s\u00fcl, \u00e9s a menek\u00fclt\u00fcgyi elj\u00e1r\u00e1s meg sem kezd\u0151dik.<\/strong><\/span><\/p><p><strong>A t\u00f6rv\u00e9nyjavaslat gyors\u00edtott jogalkot\u00e1si elj\u00e1r\u00e1s al\u00e1 ker\u00fcl, \u00e9s 2024. j\u00falius 1-j\u00e9n l\u00e9p hat\u00e1lyba.\u00a0<\/strong><\/p><p>Forr\u00e1s: a Szlov\u00e1k K\u00f6zt\u00e1rsas\u00e1g Bel\u00fcgyminiszt\u00e9rium\u00e1nak sajt\u00f3k\u00f6zlem\u00e9nyei [minv.sk].<\/p>\t\t\t\t\t\t<\/div>\n\t\t\t\t<\/div>\n\t\t\t\t\t<\/div>\n\t\t<\/div>\n\t\t\t\t\t<\/div>\n\t\t<\/section>\n\t\t\t\t<\/div>","protected":false},"excerpt":{"rendered":"<p>A korm\u00e1ny 2024. j\u00fanius 5-\u00e9n, szerd\u00e1n j\u00f3v\u00e1hagyta a Bel\u00fcgyminiszt\u00e9riumnak a menek\u00fclt\u00fcgyi elj\u00e1r\u00e1sr\u00f3l \u00e9s az \u00e1tmeneti sz\u00e1ll\u00e1s biztos\u00edt\u00e1s\u00e1r\u00f3l sz\u00f3l\u00f3 480\/2002 sz. t\u00f6rv\u00e9ny m\u00f3dos\u00edt\u00e1s\u00e1ra vonatkoz\u00f3 javaslat\u00e1t. Mat\u00fa\u0161 \u0160utaj Estok miniszter szerint a c\u00e9l a harmadik orsz\u00e1gok \u00e1llampolg\u00e1rainak a Szlov\u00e1k K\u00f6zt\u00e1rsas\u00e1g ter\u00fclet\u00e9n t\u00f6rt\u00e9n\u0151 v\u00e9delem megad\u00e1s\u00e1val kapcsolatos elj\u00e1r\u00e1sok jav\u00edt\u00e1sa \u00e9s egyszer\u0171s\u00edt\u00e9se. \"Az ingyenes sz\u00e1ll\u00e1s [...]<\/p>","protected":false},"author":1,"featured_media":9862,"comment_status":"open","ping_status":"open","sticky":false,"template":"","format":"standard","meta":{"footnotes":"","iawp_total_views":80},"categories":[46],"tags":[],"acf":[],"_links":{"self":[{"href":"https:\/\/vizum.sk\/hu\/wp-json\/wp\/v2\/posts\/9861"}],"collection":[{"href":"https:\/\/vizum.sk\/hu\/wp-json\/wp\/v2\/posts"}],"about":[{"href":"https:\/\/vizum.sk\/hu\/wp-json\/wp\/v2\/types\/post"}],"author":[{"embeddable":true,"href":"https:\/\/vizum.sk\/hu\/wp-json\/wp\/v2\/users\/1"}],"replies":[{"embeddable":true,"href":"https:\/\/vizum.sk\/hu\/wp-json\/wp\/v2\/comments?post=9861"}],"version-history":[{"count":0,"href":"https:\/\/vizum.sk\/hu\/wp-json\/wp\/v2\/posts\/9861\/revisions"}],"wp:featuredmedia":[{"embeddable":true,"href":"https:\/\/vizum.sk\/hu\/wp-json\/wp\/v2\/media\/9862"}],"wp:attachment":[{"href":"https:\/\/vizum.sk\/hu\/wp-json\/wp\/v2\/media?parent=9861"}],"wp:term":[{"taxonomy":"category","embeddable":true,"href":"https:\/\/vizum.sk\/hu\/wp-json\/wp\/v2\/categories?post=9861"},{"taxonomy":"post_tag","embeddable":true,"href":"https:\/\/vizum.sk\/hu\/wp-json\/wp\/v2\/tags?post=9861"}],"curies":[{"name":"wp","href":"https:\/\/api.w.org\/{rel}","templated":true}]}}