{"id":10710,"date":"2024-08-30T08:39:06","date_gmt":"2024-08-30T06:39:06","guid":{"rendered":"https:\/\/vizum.sk\/?p=10710"},"modified":"2025-02-24T23:24:04","modified_gmt":"2025-02-24T22:24:04","slug":"zriadenie-novych-zastupitelskych-uradov-sr","status":"publish","type":"post","link":"https:\/\/vizum.sk\/tr\/slovak-cumhuriyetinin-yeni-buyukelciliklerinin-kurulmasi\/","title":{"rendered":"Slovak Cumhuriyeti&#039;nde yeni temsilciliklerin kurulmas\u0131"},"content":{"rendered":"<div data-elementor-type=\"wp-post\" data-elementor-id=\"10710\" class=\"elementor elementor-10710\">\n\t\t\t\t\t\t<section class=\"elementor-section elementor-top-section elementor-element elementor-element-644c176 elementor-section-boxed elementor-section-height-default elementor-section-height-default\" data-id=\"644c176\" data-element_type=\"section\">\n\t\t\t\t\t\t<div class=\"elementor-container elementor-column-gap-default\">\n\t\t\t\t\t<div class=\"elementor-column elementor-col-100 elementor-top-column elementor-element elementor-element-bda1acf\" data-id=\"bda1acf\" data-element_type=\"column\">\n\t\t\t<div class=\"elementor-widget-wrap elementor-element-populated\">\n\t\t\t\t\t\t<div class=\"elementor-element elementor-element-2a6a03e elementor-widget elementor-widget-text-editor\" data-id=\"2a6a03e\" data-element_type=\"widget\" data-widget_type=\"text-editor.default\">\n\t\t\t\t<div class=\"elementor-widget-container\">\n\t\t\t\t\t\t\t<p>Slovak Cumhuriyeti D\u0131\u015fi\u015fleri ve Avrupa \u0130\u015fleri Bakan\u0131&#039;n\u0131n bas\u0131n a\u00e7\u0131klamas\u0131 uyar\u0131nca, Slovak b\u00fcy\u00fckel\u00e7iliklerinin kapsam\u0131ndaki mevcut ve en \u00f6nemli de\u011fi\u015fiklikler hakk\u0131nda bir makaleyi sizlerle bulu\u015fturuyoruz.<strong> 28 A\u011fustos 2024&#039;te Slovak Cumhuriyeti H\u00fck\u00fcmeti, Malezya B\u00fcy\u00fckel\u00e7ili\u011fi, Tanzanya B\u00fcy\u00fckel\u00e7ili\u011fi, Cezayir B\u00fcy\u00fckel\u00e7ili\u011fi ve Filipinler B\u00fcy\u00fckel\u00e7ili\u011fi olmak \u00fczere yeni b\u00fcy\u00fckel\u00e7iliklerin kurulmas\u0131n\u0131 onaylad\u0131. Etiyopya&#039;da da bir irtibat ofisi kurulacak.<\/strong> Slovak Cumhuriyeti&#039;nin bu temsilcilik ofislerinin kurulmas\u0131 01.09.2024 tarihinden itibaren ba\u015flayacak, dolay\u0131s\u0131yla 2025 y\u0131l\u0131nda s\u00f6z konusu \u00fclkelerde yeni ofislerin faaliyete ge\u00e7mesini bekleyebilece\u011fimiz varsay\u0131m\u0131 var. <strong>\u00c7evre \u00fclkelerin toprak ili\u015fkilerinin tahsisi hen\u00fcz bilinmiyor ancak s\u00f6z konusu temsilciliklerin ayn\u0131 zamanda \u00e7evre \u00fclkeleri de temsil edece\u011fini varsayabiliriz.<\/strong><\/p><p>Bakanl\u0131\u011f\u0131n bu ad\u0131m\u0131n\u0131 memnuniyetle kar\u015f\u0131l\u0131yoruz ve bu ad\u0131m gelecekte \u00f6rne\u011fin Tanzanya ve kom\u015fu \u00fclkelerden sorumlu olan Kenya&#039;daki b\u00fcy\u00fckel\u00e7ili\u011fin kapsam\u0131n\u0131 hafifletebilir. D\u0131\u015fi\u015fleri Bakanl\u0131\u011f\u0131&#039;n\u0131n bu ad\u0131m\u0131n\u0131n, \u00f6zellikle Slovak vatanda\u015flar\u0131 ve bu \u00fclkelerden ta\u015f\u0131nmay\u0131 kullanmak isteyen yabanc\u0131lar i\u00e7in d\u0131\u015f politika a\u00e7\u0131s\u0131ndan b\u00fcy\u00fck fayda sa\u011flayaca\u011f\u0131na inan\u0131yoruz.\u00a0<\/p><p>Ayn\u0131 zamanda onaylanan materyale g\u00f6re 31 Aral\u0131k 2024 tarihinde, <strong>Danimarka ve Norve\u00e7&#039;teki Slovak b\u00fcy\u00fckel\u00e7iliklerinin, Krakow ve St. Petersburg&#039;daki ba\u015fkonsolosluklar\u0131n ve Kosova&#039;daki irtibat b\u00fcrosunun kapat\u0131lmas\u0131.\u00a0<\/strong><\/p><p>Ancak Slovak Cumhuriyeti vatanda\u015flar\u0131na y\u00f6nelik hizmetler ve diplomatik ili\u015fkiler, Slovak Cumhuriyeti&#039;nin kom\u015fu \u00fclkelerdeki belirli b\u00fcy\u00fckel\u00e7iliklerinin operasyonlar\u0131n\u0131n bir par\u00e7as\u0131 olarak kalacakt\u0131r.<\/p><p>Temsilcilik ofisimizin kurulmas\u0131 ve faaliyete ge\u00e7mesi sonras\u0131nda yaz\u0131lar\u0131m\u0131zdaki g\u00fcncel de\u011fi\u015fiklikler hakk\u0131nda sizleri s\u00fcrekli ve bireysel olarak bilgilendirece\u011fiz.<\/p>\t\t\t\t\t\t<\/div>\n\t\t\t\t<\/div>\n\t\t\t\t\t<\/div>\n\t\t<\/div>\n\t\t\t\t\t<\/div>\n\t\t<\/section>\n\t\t\t\t<section class=\"elementor-section elementor-top-section elementor-element elementor-element-0a01840 elementor-section-boxed elementor-section-height-default elementor-section-height-default\" data-id=\"0a01840\" data-element_type=\"section\">\n\t\t\t\t\t\t<div class=\"elementor-container elementor-column-gap-default\">\n\t\t\t\t\t<div class=\"elementor-column elementor-col-100 elementor-top-column elementor-element elementor-element-fafcc6d\" data-id=\"fafcc6d\" data-element_type=\"column\">\n\t\t\t<div class=\"elementor-widget-wrap elementor-element-populated\">\n\t\t\t\t\t\t<div class=\"elementor-element elementor-element-e0e8f4a elementor-widget elementor-widget-text-editor\" data-id=\"e0e8f4a\" data-element_type=\"widget\" data-widget_type=\"text-editor.default\">\n\t\t\t\t<div class=\"elementor-widget-container\">\n\t\t\t\t\t\t\t<p><strong>Kaynak:<\/strong> MZVaEZ SR&#039;nin bas\u0131n b\u00fcltenleri<\/p>\t\t\t\t\t\t<\/div>\n\t\t\t\t<\/div>\n\t\t\t\t\t<\/div>\n\t\t<\/div>\n\t\t\t\t\t<\/div>\n\t\t<\/section>\n\t\t\t\t<\/div>","protected":false},"excerpt":{"rendered":"<p>Slovak Cumhuriyeti D\u0131\u015fi\u015fleri ve Avrupa \u0130\u015fleri Bakan\u0131&#039;n\u0131n bas\u0131n a\u00e7\u0131klamas\u0131 uyar\u0131nca, Slovak b\u00fcy\u00fckel\u00e7iliklerinin kapsam\u0131ndaki mevcut ve en \u00f6nemli de\u011fi\u015fiklikler hakk\u0131nda bir makaleyi sizlerle bulu\u015fturuyoruz. 28 A\u011fustos 2024&#039;te Slovak Cumhuriyeti H\u00fck\u00fcmeti, Malezya B\u00fcy\u00fckel\u00e7ili\u011fi, Tanzanya B\u00fcy\u00fckel\u00e7ili\u011fi, Cezayir B\u00fcy\u00fckel\u00e7ili\u011fi ve Filipinler B\u00fcy\u00fckel\u00e7ili\u011fi olmak \u00fczere yeni b\u00fcy\u00fckel\u00e7iliklerin kurulmas\u0131n\u0131 onaylad\u0131. Ayr\u0131ca bir irtibat kurulacak [...]<\/p>","protected":false},"author":1,"featured_media":10711,"comment_status":"open","ping_status":"open","sticky":false,"template":"","format":"standard","meta":{"footnotes":"","iawp_total_views":193},"categories":[70],"tags":[],"acf":[],"_links":{"self":[{"href":"https:\/\/vizum.sk\/tr\/wp-json\/wp\/v2\/posts\/10710"}],"collection":[{"href":"https:\/\/vizum.sk\/tr\/wp-json\/wp\/v2\/posts"}],"about":[{"href":"https:\/\/vizum.sk\/tr\/wp-json\/wp\/v2\/types\/post"}],"author":[{"embeddable":true,"href":"https:\/\/vizum.sk\/tr\/wp-json\/wp\/v2\/users\/1"}],"replies":[{"embeddable":true,"href":"https:\/\/vizum.sk\/tr\/wp-json\/wp\/v2\/comments?post=10710"}],"version-history":[{"count":0,"href":"https:\/\/vizum.sk\/tr\/wp-json\/wp\/v2\/posts\/10710\/revisions"}],"wp:featuredmedia":[{"embeddable":true,"href":"https:\/\/vizum.sk\/tr\/wp-json\/wp\/v2\/media\/10711"}],"wp:attachment":[{"href":"https:\/\/vizum.sk\/tr\/wp-json\/wp\/v2\/media?parent=10710"}],"wp:term":[{"taxonomy":"category","embeddable":true,"href":"https:\/\/vizum.sk\/tr\/wp-json\/wp\/v2\/categories?post=10710"},{"taxonomy":"post_tag","embeddable":true,"href":"https:\/\/vizum.sk\/tr\/wp-json\/wp\/v2\/tags?post=10710"}],"curies":[{"name":"wp","href":"https:\/\/api.w.org\/{rel}","templated":true}]}}