{"id":10844,"date":"2024-10-16T09:33:52","date_gmt":"2024-10-16T07:33:52","guid":{"rendered":"https:\/\/vizum.sk\/?p=10844"},"modified":"2026-03-14T21:39:30","modified_gmt":"2026-03-14T20:39:30","slug":"pretrvavajuce-komplikacie-s-rezervaciami","status":"publish","type":"post","link":"https:\/\/vizum.sk\/tr\/rezervasyonlarla-ilgili-devam-eden-komplikasyonlar\/","title":{"rendered":"Rezervasyonlarla ilgili devam eden komplikasyonlar"},"content":{"rendered":"<div data-elementor-type=\"wp-post\" data-elementor-id=\"10844\" class=\"elementor elementor-10844\">\n\t\t\t\t\t\t<section class=\"elementor-section elementor-top-section elementor-element elementor-element-07034d7 elementor-section-boxed elementor-section-height-default elementor-section-height-default\" data-id=\"07034d7\" data-element_type=\"section\">\n\t\t\t\t\t\t<div class=\"elementor-container elementor-column-gap-default\">\n\t\t\t\t\t<div class=\"elementor-column elementor-col-100 elementor-top-column elementor-element elementor-element-9b56eef\" data-id=\"9b56eef\" data-element_type=\"column\">\n\t\t\t<div class=\"elementor-widget-wrap elementor-element-populated\">\n\t\t\t\t\t\t<div class=\"elementor-element elementor-element-389e2ee elementor-widget elementor-widget-text-editor\" data-id=\"389e2ee\" data-element_type=\"widget\" data-widget_type=\"text-editor.default\">\n\t\t\t\t<div class=\"elementor-widget-container\">\n\t\t\t\t\t\t\t<script type=\"application\/ld+json\">{\n    \"@context\": \"https:\\\/\\\/schema.org\",\n    \"@type\": \"VideoObject\",\n    \"name\": \"Probl\\u00e9my s rezerv\\u00e1ciami na cudzineckej pol\\u00edcii - Report\\u00e1\\u017e TV Mark\\u00edza\",\n    \"description\": \"Report\\u00e1\\u017e o pretrv\\u00e1vaj\\u00facich probl\\u00e9moch s rezerva\\u010dn\\u00fdm syst\\u00e9mom na oddeleniach cudzineckej pol\\u00edcie MV SR.\",\n    \"thumbnailUrl\": [\n        \"https:\\\/\\\/img.youtube.com\\\/vi\\\/OrmPCJh2ScY\\\/maxresdefault.jpg\"\n    ],\n    \"uploadDate\": \"2024-10-14T19:00:00+02:00\",\n    \"duration\": \"PT2M13S\",\n    \"embedUrl\": \"https:\\\/\\\/www.youtube.com\\\/embed\\\/OrmPCJh2ScY\",\n    \"publisher\": {\n        \"@type\": \"Organization\",\n        \"name\": \"vizum.sk\",\n        \"logo\": {\n            \"@type\": \"ImageObject\",\n            \"url\": \"https:\\\/\\\/www.vizum.sk\\\/wp-content\\\/uploads\\\/logo.png\"\n        }\n    }\n}<\/script>De\u011ferli m\u00fc\u015fterilerimiz, 05.08.2024 tarihli yaz\u0131m\u0131zda da bahsetti\u011fimiz Slovakya \u0130\u00e7i\u015fleri Bakanl\u0131\u011f\u0131&#039;na ba\u011fl\u0131 yabanc\u0131lar polis birimleri i\u00e7in rezervasyon sorunuyla ilgili Mark\u00edza televizyonundan bir haber sunuyoruz. Bu tarihten bu yana rezervasyon sisteminde uzun s\u00fcredir sorunlar devam etmekte olup, ilgili i\u015flem ve yabanc\u0131lar polis birimi i\u00e7in belirtilen tarihe ula\u015fmak neredeyse imkans\u0131z hale gelmi\u015ftir. \u0130\u00e7i\u015fleri Bakanl\u0131\u011f\u0131, sorunu gidermek i\u00e7in \u00e7al\u0131\u015ft\u0131\u011f\u0131n\u0131 ve \u00f6zellikle \u00e7al\u0131\u015fma ama\u00e7l\u0131 ilk kez ikamet ba\u015fvurusunda bulunanlar i\u00e7in yak\u0131n gelecekte de\u011fi\u015fiklikler beklenebilece\u011fini bildirmi\u015ftir. Yaz\u0131lar\u0131m\u0131zda sizi geli\u015fmelerden haberdar etmeye devam edece\u011fiz.\n\n<iframe loading=\"lazy\" title=\"YouTube video oynat\u0131c\u0131\" src=\"https:\/\/www.youtube.com\/embed\/OrmPCJh2ScY?si=-xce3IAsTgg38eka\" width=\"720\" height=\"480\" frameborder=\"0\" allowfullscreen=\"allowfullscreen\"><\/iframe>\n\nKaynak : TV Markiza [https:\/\/www.markiza.sk\/program?day=14-10-2024#day]\t\t\t\t\t\t<\/div>\n\t\t\t\t<\/div>\n\t\t\t\t\t<\/div>\n\t\t<\/div>\n\t\t\t\t\t<\/div>\n\t\t<\/section>\n\t\t\t\t<\/div>","protected":false},"excerpt":{"rendered":"<p>De\u011ferli m\u00fc\u015fterilerimiz, 05.08.2024 tarihli yaz\u0131m\u0131zda sizleri bilgilendirdi\u011fimiz Slovak Cumhuriyeti \u0130\u00e7i\u015fleri Bakanl\u0131\u011f\u0131 Yabanc\u0131 Polis Departman\u0131'ndaki rezervasyonlar konusunda Markiza televizyonunun bir raporunu sunuyoruz. O zamandan bu yana, ilgili departmana ve Yabanc\u0131 Polis Departman\u0131'na belirtilen tarihte ula\u015fman\u0131n neredeyse imkans\u0131z oldu\u011fu rezervasyon sisteminde uzun s\u00fcredir devam eden sorunlar var. Bakanl\u0131k [...]<\/p>","protected":false},"author":1,"featured_media":10845,"comment_status":"open","ping_status":"open","sticky":false,"template":"","format":"standard","meta":{"footnotes":"","iawp_total_views":163},"categories":[70,85],"tags":[],"acf":[],"_links":{"self":[{"href":"https:\/\/vizum.sk\/tr\/wp-json\/wp\/v2\/posts\/10844"}],"collection":[{"href":"https:\/\/vizum.sk\/tr\/wp-json\/wp\/v2\/posts"}],"about":[{"href":"https:\/\/vizum.sk\/tr\/wp-json\/wp\/v2\/types\/post"}],"author":[{"embeddable":true,"href":"https:\/\/vizum.sk\/tr\/wp-json\/wp\/v2\/users\/1"}],"replies":[{"embeddable":true,"href":"https:\/\/vizum.sk\/tr\/wp-json\/wp\/v2\/comments?post=10844"}],"version-history":[{"count":3,"href":"https:\/\/vizum.sk\/tr\/wp-json\/wp\/v2\/posts\/10844\/revisions"}],"predecessor-version":[{"id":14761,"href":"https:\/\/vizum.sk\/tr\/wp-json\/wp\/v2\/posts\/10844\/revisions\/14761"}],"wp:featuredmedia":[{"embeddable":true,"href":"https:\/\/vizum.sk\/tr\/wp-json\/wp\/v2\/media\/10845"}],"wp:attachment":[{"href":"https:\/\/vizum.sk\/tr\/wp-json\/wp\/v2\/media?parent=10844"}],"wp:term":[{"taxonomy":"category","embeddable":true,"href":"https:\/\/vizum.sk\/tr\/wp-json\/wp\/v2\/categories?post=10844"},{"taxonomy":"post_tag","embeddable":true,"href":"https:\/\/vizum.sk\/tr\/wp-json\/wp\/v2\/tags?post=10844"}],"curies":[{"name":"wp","href":"https:\/\/api.w.org\/{rel}","templated":true}]}}