{"id":10934,"date":"2024-11-20T19:17:44","date_gmt":"2024-11-20T18:17:44","guid":{"rendered":"https:\/\/vizum.sk\/?p=10934"},"modified":"2024-11-20T20:07:57","modified_gmt":"2024-11-20T19:07:57","slug":"zmena-rezervacneho-systemu-cudzineckej-policie","status":"publish","type":"post","link":"https:\/\/vizum.sk\/tr\/yabanci-polisinin-rezervasyon-sisteminde-degisiklik\/","title":{"rendered":"Yabanc\u0131lar Polisinin rezervasyon sisteminin de\u011fi\u015ftirilmesi"},"content":{"rendered":"<div data-elementor-type=\"wp-post\" data-elementor-id=\"10934\" class=\"elementor elementor-10934\">\n\t\t\t\t\t\t<section class=\"elementor-section elementor-top-section elementor-element elementor-element-fe73e80 elementor-section-boxed elementor-section-height-default elementor-section-height-default\" data-id=\"fe73e80\" data-element_type=\"section\">\n\t\t\t\t\t\t<div class=\"elementor-container elementor-column-gap-default\">\n\t\t\t\t\t<div class=\"elementor-column elementor-col-100 elementor-top-column elementor-element elementor-element-570252d\" data-id=\"570252d\" data-element_type=\"column\">\n\t\t\t<div class=\"elementor-widget-wrap elementor-element-populated\">\n\t\t\t\t\t\t<div class=\"elementor-element elementor-element-e5ecbef elementor-widget elementor-widget-text-editor\" data-id=\"e5ecbef\" data-element_type=\"widget\" data-widget_type=\"text-editor.default\">\n\t\t\t\t<div class=\"elementor-widget-container\">\n\t\t\t\t\t\t\t<p>Slovak Cumhuriyeti \u0130\u00e7i\u015fleri Bakanl\u0131\u011f\u0131, A\u011fustos ay\u0131n\u0131n ba\u015f\u0131ndan bu yana yabanc\u0131lardan gelen \u015fikayetlerin yan\u0131 s\u0131ra i\u015flevsizli\u011fi veya randevu al\u0131namamas\u0131 nedeniyle medya bask\u0131s\u0131yla kar\u015f\u0131 kar\u015f\u0131ya kalan Yabanc\u0131lar Polisi rezervasyon sisteminde de\u011fi\u015fiklik yap\u0131laca\u011f\u0131n\u0131 duyurdu.<\/p><p>Yabanc\u0131lar\u0131n \u0130kametine ili\u015fkin Kanunda yap\u0131lacak de\u011fi\u015fiklik tasla\u011f\u0131, ikamet g\u00fcndemi \u00e7er\u00e7evesinde yabanc\u0131lar\u0131n kay\u0131t i\u015flemlerinin bilgisayar ortam\u0131na aktar\u0131lmas\u0131n\u0131 ama\u00e7lamaktad\u0131r.\u00a0<strong>\u0130dari makam ile yabanc\u0131 aras\u0131ndaki ileti\u015fimin h\u0131zland\u0131r\u0131lmas\u0131 ve basitle\u015ftirilmesi, idari y\u00fck\u00fcn azalt\u0131lmas\u0131 ve yolsuzluk riskinin azalt\u0131lmas\u0131.<\/strong><\/p><p><strong>Yabanc\u0131lar\u0131n \u0130kametine \u0130li\u015fkin Kanun'da yap\u0131lan de\u011fi\u015fikli\u011fin lafz\u0131na g\u00f6re, yeni bir rezervasyon sistemi ve Yabanc\u0131lar Polisi ile ileti\u015fim i\u00e7in elektronik bir sistem getirilecek, b\u00f6ylece ikamet iznini yenilerken, uzun s\u00fcreli ikamet i\u00e7in ba\u015fvuruda bulunurken veya bir Birlik vatanda\u015f\u0131n\u0131n kayd\u0131n\u0131 yapt\u0131r\u0131rken, ba\u015fvuruyu \u015fahsen sunman\u0131n yan\u0131 s\u0131ra elektronik olarak da sunmak m\u00fcmk\u00fcn olacakt\u0131r.<\/strong> Mevcut bilgilere g\u00f6re, yabanc\u0131n\u0131n bu t\u00fcr i\u015flemlere ikamet belgesi (kimlik kart\u0131) arac\u0131l\u0131\u011f\u0131yla izin vermesi gerekecektir.<\/p><p>Bakanl\u0131k ayr\u0131ca sistemin tan\u0131t\u0131m\u0131 hakk\u0131nda da bilgi verdi, <strong>Bu sistem, ya\u015fam olay\u0131na ve ikamet izni t\u00fcr\u00fcne veya kategorisine g\u00f6re rezervasyon sistemine tarihleri bildirecektir.<\/strong> \u00d6rne\u011fin, \u00f6\u011frenciler i\u00e7in sistem yeni d\u00f6nemleri okul y\u0131l\u0131n\u0131n ba\u015flad\u0131\u011f\u0131 Eyl\u00fcl ay\u0131nda a\u00e7acakt\u0131r.<\/p><p>Yukar\u0131daki de\u011fi\u015fikliklere ek olarak, Kanunda yap\u0131lan de\u011fi\u015fiklik <strong>Yak\u0131n zamanda de\u011fi\u015ftirilen (14.07.2024 tarihli kanun de\u011fi\u015fikli\u011fi) t\u00fczel ki\u015filerin orijinal banka hesap bakiyesi belgesinin yerini alacak olan \u00fc\u00e7 ayl\u0131k banka hesap \u00f6zeti sunma y\u00fck\u00fcml\u00fcl\u00fc\u011f\u00fcn\u00fc de\u011fi\u015ftirir. <\/strong><\/p><p><strong>Yabanc\u0131lar\u0131n ikametine ili\u015fkin 14.11.2024 tarihli ve 404\/2011 say\u0131l\u0131 Kanunda yap\u0131lan de\u011fi\u015fikli\u011fin onaylanan k\u0131salt\u0131lm\u0131\u015f yasama prosed\u00fcr\u00fc nedeniyle 15.12.2024 tarihinden itibaren rezervasyon sisteminde de\u011fi\u015fikliklerin yap\u0131lmas\u0131n\u0131 bekleyebiliriz.<\/strong><\/p><p>Yabanc\u0131lar\u0131n \u0130kametine \u0130li\u015fkin Kanunda yap\u0131lan de\u011fi\u015fikli\u011fin konsolide metni:<\/p><p><span style=\"background-color: transparent;\"><b>\u00a7\u00a0<\/b><\/span><strong style=\"background-color: transparent;\">19 Davet do\u011frulama<\/strong><\/p><p>(7) Davet edilen \u00fc\u00e7\u00fcnc\u00fc \u00fclke vatanda\u015f\u0131n\u0131n kal\u0131\u015f ve ayr\u0131l\u0131\u015f\u0131yla ilgili t\u00fcm masraflar davet eden taraf\u0131ndan kar\u015f\u0131lan\u0131r<strong> fiziksel<\/strong> ki\u015fi, kendi ad\u0131na bir bankada, yabanc\u0131 bir bankan\u0131n \u015fubesinde veya yabanc\u0131 bir bankada (bundan b\u00f6yle \"banka\" olarak an\u0131lacakt\u0131r) tutulan son \u00fc\u00e7 aya ait bir hesap \u00f6zeti ile kan\u0131tlar; <strong>Davet eden ki\u015finin t\u00fczel ki\u015fi olmas\u0131 halinde, davet edilen \u00fc\u00e7\u00fcnc\u00fc \u00fclke vatanda\u015f\u0131n\u0131n kal\u0131\u015f ve seyahatiyle ilgili t\u00fcm masraflar\u0131 kar\u015f\u0131lama kabiliyeti bir banka bilan\u00e7osu ile kan\u0131tlan\u0131r.<br \/><br \/><\/strong><strong style=\"background-color: transparent;\">\u00a7 34 \u0130kametgah\u0131n yenilenmesi<\/strong><\/p><p>(2) Ge\u00e7ici ikametin yenilenmesi i\u00e7in ba\u015fvuru, \u00fc\u00e7\u00fcnc\u00fc \u00fclke vatanda\u015f\u0131 taraf\u0131ndan resmi bir formla \u015fahsen bir emniyet m\u00fcd\u00fcrl\u00fc\u011f\u00fcne yap\u0131l\u0131r<strong> veya bu ama\u00e7la kurulmu\u015f bir elektronik hizmet arac\u0131l\u0131\u011f\u0131yla <\/strong>en ge\u00e7 ge\u00e7ici ikametin ge\u00e7erlilik s\u00fcresinin son g\u00fcn\u00fcnde. Madde 23(4) uyar\u0131nca ge\u00e7ici ikametin yenilenmesine ili\u015fkin ba\u015fvuru, \u00fc\u00e7\u00fcnc\u00fc \u00fclke vatanda\u015f\u0131 taraf\u0131ndan resmi bir formla \u015fahsen polis merkezine yap\u0131lacakt\u0131r. <strong>departmanda veya bu ama\u00e7la kurulmu\u015f bir elektronik hizmet arac\u0131l\u0131\u011f\u0131yla<\/strong> verilen ge\u00e7ici kal\u0131\u015f s\u00fcresinin sona ermesinden en ge\u00e7 30 g\u00fcn \u00f6nce. Vatans\u0131zl\u0131k nedeniyle ge\u00e7ici ikametinin yenilenmesi i\u00e7in \u015fahsen ba\u015fvuruda bulunamayan 27. maddede at\u0131fta bulunulan \u00fc\u00e7\u00fcnc\u00fc \u00fclke vatanda\u015f\u0131, aile birle\u015fimi talebinde bulundu\u011fu \u00fc\u00e7\u00fcnc\u00fc \u00fclke vatanda\u015f\u0131 ad\u0131na ba\u015fvuruda bulunabilir. \u00dc\u00e7\u00fcnc\u00fc \u00fclke vatanda\u015f\u0131, ge\u00e7ici ikametin yenilenmesi ba\u015fvurusuyla birlikte ge\u00e7erli bir seyahat belgesi sunmal\u0131d\u0131r, aksi takdirde polis departman\u0131 ba\u015fvuruyu kabul etmeyecektir. Madde 23(1) uyar\u0131nca ge\u00e7ici ikametin yenilenmesi i\u00e7in yap\u0131lan ba\u015fvuru, \u00c7al\u0131\u015fma, Sosyal \u0130\u015fler ve Aile Dairesi'nin bo\u015f pozisyonun doldurulabilece\u011fine dair bir teyidi emniyet m\u00fcd\u00fcrl\u00fc\u011f\u00fcne teslim etmemesi ya da b\u00f6yle bir teyidin verilmesinin \u00fczerinden 90 g\u00fcnden fazla zaman ge\u00e7mesi halinde de emniyet m\u00fcd\u00fcrl\u00fc\u011f\u00fc taraf\u0131ndan kabul edilmeyecektir. Emniyet M\u00fcd\u00fcrl\u00fc\u011f\u00fc, ba\u015fvurunun yap\u0131ld\u0131\u011f\u0131 tarihte ba\u015fvuru sahibine bir al\u0131nd\u0131 teyidi verecektir.<br \/><span style=\"background-color: transparent;\"><br \/><b>\u00a7 34 Mavi Kart\u0131n Yenilenmesi<\/b><\/span><\/p><p>(2) Mavi Kart\u0131n yenilenmesi i\u00e7in ba\u015fvuru, \u00fc\u00e7\u00fcnc\u00fc \u00fclke vatanda\u015f\u0131 taraf\u0131ndan polise \u015fahsen yap\u0131l\u0131r <strong>departmanda veya bu ama\u00e7la kurulmu\u015f bir elektronik hizmet arac\u0131l\u0131\u011f\u0131yla<\/strong> en ge\u00e7 Mavi Kart\u0131n ge\u00e7erlilik s\u00fcresinin son g\u00fcn\u00fc. Mavi Kart'a 12 aydan daha az bir s\u00fcre sahip olan bir \u00fc\u00e7\u00fcnc\u00fc \u00fclke vatanda\u015f\u0131n\u0131n Mavi Kart'\u0131n\u0131n yenilenmesi i\u00e7in yapt\u0131\u011f\u0131 ba\u015fvuru, ancak \u00c7al\u0131\u015fma, Sosyal \u0130\u015fler ve Aile Dairesi'nin y\u00fcksek vas\u0131fl\u0131 bir i\u015fe kar\u015f\u0131l\u0131k gelen bir bo\u015flu\u011fun doldurulabilece\u011fine dair bir teyidi emniyet m\u00fcd\u00fcrl\u00fc\u011f\u00fcne teslim etmemi\u015f olmas\u013164) veya b\u00f6yle bir teyidin verilmesinin \u00fczerinden 90 g\u00fcnden fazla bir s\u00fcre ge\u00e7mi\u015f olmas\u0131 halinde emniyet m\u00fcd\u00fcrl\u00fc\u011f\u00fc taraf\u0131ndan kabul edilmeyecektir.<\/p><p><span style=\"background-color: transparent;\"><b>\u00a7\u00a0<\/b><\/span><strong style=\"background-color: transparent;\">47 Belirsiz bir s\u00fcre i\u00e7in daimi ikamet<br \/><\/strong><span style=\"background-color: transparent; font-weight: var( --e-global-typography-primary-font-weight );\">S\u00fcresiz oturum ba\u015fvurusu, \u00fc\u00e7\u00fcnc\u00fc \u00fclke vatanda\u015f\u0131 taraf\u0131ndan bir polis karakoluna resmi bir formla \u015fahsen yap\u0131l\u0131r<\/span><strong style=\"background-color: transparent;\"> veya bu ama\u00e7la kurulmu\u015f bir elektronik hizmet arac\u0131l\u0131\u011f\u0131yla;<\/strong><span style=\"background-color: transparent; font-weight: var( --e-global-typography-primary-font-weight );\"> vatans\u0131zl\u0131k durumu nedeniyle \u015fahsen ba\u015fvuruda bulunamayan bir \u00fc\u00e7\u00fcnc\u00fc \u00fclke vatanda\u015f\u0131, ailesinin bir \u00fcyesi taraf\u0131ndan temsil edilebilir. Emniyet m\u00fcd\u00fcrl\u00fc\u011f\u00fc, ba\u015fvurunun yap\u0131ld\u0131\u011f\u0131 g\u00fcn ba\u015fvuru sahibine bir makbuz d\u00fczenleyecektir.<\/span><\/p><p><b><span style=\"background-color: transparent;\">\u00a7\u00a0<\/span><span style=\"background-color: transparent;\">66 Birlik Vatanda\u015f\u0131<\/span><\/b><\/p><p>(1) Slovak Cumhuriyeti topraklar\u0131nda \u00fc\u00e7 aydan fazla bir s\u00fcredir ikamet eden bir Birlik vatanda\u015f\u0131, Slovak Cumhuriyeti topraklar\u0131nda ikamet kayd\u0131 i\u00e7in ba\u015fvuruda bulunmakla y\u00fck\u00fcml\u00fcd\u00fcr. \u0130kamet kayd\u0131 ba\u015fvurusu, resmi bir form \u00fczerinde \u015fahsen bir polis departman\u0131na yap\u0131l\u0131r <strong>veya bu ama\u00e7la kurulmu\u015f bir elektronik hizmet arac\u0131l\u0131\u011f\u0131yla<\/strong> Slovak Cumhuriyeti topraklar\u0131na giri\u015f tarihinden itibaren \u00fc\u00e7 ayl\u0131k s\u00fcrenin bitiminden itibaren 30 g\u00fcn i\u00e7inde.<\/p><p><strong style=\"background-color: transparent;\">\u00a7 73 \u0130kamet belgesi<\/strong><\/p><p>(1) Emniyet m\u00fcd\u00fcrl\u00fc\u011f\u00fc, \u00fc\u00e7\u00fcnc\u00fc \u00fclke vatanda\u015f\u0131na 30 g\u00fcn i\u00e7inde bir ikamet belgesi d\u00fczenleyecektir: <br \/>(c) ikamet izni i\u00e7in ba\u015fvuruda bulunmak,;<strong> ikamet izni ba\u015fvurusunun bu ama\u00e7la kurulmu\u015f bir elektronik hizmet arac\u0131l\u0131\u011f\u0131yla yap\u0131lmas\u0131 halinde<\/strong>ikamet belgesi, yabanc\u0131n\u0131n biyometrik verilerinin al\u0131nmas\u0131ndan sonraki 30 g\u00fcn i\u00e7inde d\u00fczenlenecektir,<\/p><p><strong>Kaynak.<\/strong><\/p>\t\t\t\t\t\t<\/div>\n\t\t\t\t<\/div>\n\t\t\t\t\t<\/div>\n\t\t<\/div>\n\t\t\t\t\t<\/div>\n\t\t<\/section>\n\t\t\t\t<\/div>","protected":false},"excerpt":{"rendered":"<p>Slovak Cumhuriyeti \u0130\u00e7i\u015fleri Bakanl\u0131\u011f\u0131, A\u011fustos ay\u0131n\u0131n ba\u015f\u0131ndan bu yana yabanc\u0131lardan gelen \u015fikayetlerin yan\u0131 s\u0131ra i\u015flevsizli\u011fi veya randevu al\u0131namamas\u0131 nedeniyle medya bask\u0131s\u0131yla kar\u015f\u0131 kar\u015f\u0131ya kalan Yabanc\u0131lar Polisi rezervasyon sisteminde de\u011fi\u015fiklik yap\u0131laca\u011f\u0131n\u0131 duyurdu. Yabanc\u0131lar\u0131n ikametine ili\u015fkin kanunda yap\u0131lacak de\u011fi\u015fiklik tasla\u011f\u0131, yabanc\u0131lar\u0131n ikamet g\u00fcndemi kapsam\u0131nda kay\u0131t alt\u0131na al\u0131nma s\u00fcre\u00e7lerinin bilgisayar ortam\u0131na ta\u015f\u0131nmas\u0131n\u0131 ama\u00e7lamakta olup, bu sayede idari makam ile yabanc\u0131 aras\u0131ndaki ileti\u015fimin h\u0131zland\u0131r\u0131lmas\u0131 ve basitle\u015ftirilmesi, idari y\u00fck\u00fcn azalt\u0131lmas\u0131 ve [...]<\/p>","protected":false},"author":1,"featured_media":10956,"comment_status":"open","ping_status":"open","sticky":false,"template":"","format":"standard","meta":{"footnotes":"","iawp_total_views":3943},"categories":[70,52,47],"tags":[],"acf":[],"_links":{"self":[{"href":"https:\/\/vizum.sk\/tr\/wp-json\/wp\/v2\/posts\/10934"}],"collection":[{"href":"https:\/\/vizum.sk\/tr\/wp-json\/wp\/v2\/posts"}],"about":[{"href":"https:\/\/vizum.sk\/tr\/wp-json\/wp\/v2\/types\/post"}],"author":[{"embeddable":true,"href":"https:\/\/vizum.sk\/tr\/wp-json\/wp\/v2\/users\/1"}],"replies":[{"embeddable":true,"href":"https:\/\/vizum.sk\/tr\/wp-json\/wp\/v2\/comments?post=10934"}],"version-history":[{"count":0,"href":"https:\/\/vizum.sk\/tr\/wp-json\/wp\/v2\/posts\/10934\/revisions"}],"wp:featuredmedia":[{"embeddable":true,"href":"https:\/\/vizum.sk\/tr\/wp-json\/wp\/v2\/media\/10956"}],"wp:attachment":[{"href":"https:\/\/vizum.sk\/tr\/wp-json\/wp\/v2\/media?parent=10934"}],"wp:term":[{"taxonomy":"category","embeddable":true,"href":"https:\/\/vizum.sk\/tr\/wp-json\/wp\/v2\/categories?post=10934"},{"taxonomy":"post_tag","embeddable":true,"href":"https:\/\/vizum.sk\/tr\/wp-json\/wp\/v2\/tags?post=10934"}],"curies":[{"name":"wp","href":"https:\/\/api.w.org\/{rel}","templated":true}]}}