{"id":11158,"date":"2025-01-14T12:03:45","date_gmt":"2025-01-14T11:03:45","guid":{"rendered":"https:\/\/vizum.sk\/?p=11158"},"modified":"2025-01-14T12:08:10","modified_gmt":"2025-01-14T11:08:10","slug":"cudzinecka-policia-v-novych-zamkoch-ma-nove-priestory","status":"publish","type":"post","link":"https:\/\/vizum.sk\/tr\/yeni-kalelerdeki-uzayli-polislerinin-yeni-yerleri-var\/","title":{"rendered":"Nov\u00e9 Z\u00e1mky'deki Yabanc\u0131 Polis Te\u015fkilat\u0131 yeni binas\u0131na kavu\u015ftu"},"content":{"rendered":"<div data-elementor-type=\"wp-post\" data-elementor-id=\"11158\" class=\"elementor elementor-11158\">\n\t\t\t\t\t\t<section class=\"elementor-section elementor-top-section elementor-element elementor-element-6aae29d elementor-section-boxed elementor-section-height-default elementor-section-height-default\" data-id=\"6aae29d\" data-element_type=\"section\">\n\t\t\t\t\t\t<div class=\"elementor-container elementor-column-gap-default\">\n\t\t\t\t\t<div class=\"elementor-column elementor-col-100 elementor-top-column elementor-element elementor-element-e6fc94a\" data-id=\"e6fc94a\" data-element_type=\"column\">\n\t\t\t<div class=\"elementor-widget-wrap elementor-element-populated\">\n\t\t\t\t\t\t<div class=\"elementor-element elementor-element-2593f1a elementor-widget elementor-widget-text-editor\" data-id=\"2593f1a\" data-element_type=\"widget\" data-widget_type=\"text-editor.default\">\n\t\t\t\t<div class=\"elementor-widget-container\">\n\t\t\t\t\t\t\t<p data-pm-slice=\"1 1 []\">Nov\u00e9 Z\u00e1mky'deki Yabanc\u0131lar Polisi, \u0130\u00e7i\u015fleri Bakan\u0131 Mat\u00fa\u0161 \u0160utaj E\u0161tok taraf\u0131ndan a\u00e7\u0131l\u0131\u015f\u0131 yap\u0131lan yeni binas\u0131na kavu\u015ftu. Bu ta\u015f\u0131nman\u0131n nedeni, ikamet i\u00e7in yap\u0131lan ba\u015fvurular\u0131n say\u0131s\u0131n\u0131n artmas\u0131 ve g\u00f6\u00e7 alan\u0131nda s\u00fcrekli de\u011fi\u015fen durumla ba\u011flant\u0131l\u0131 olarak artan idari y\u00fcke cevap verme ihtiyac\u0131yd\u0131.<\/p><p>\"\u00d6nceli\u011fimiz memurlar\u0131m\u0131z\u0131n \u00e7al\u0131\u015fma ko\u015fullar\u0131n\u0131 iyile\u015ftirmek ve halka daha iyi hizmet sunmakt\u0131r. Nov\u00e9 Z\u00e1mky'deki Yabanc\u0131 Polis Te\u015fkilat\u0131n\u0131n yeni binas\u0131, \u00e7al\u0131\u015fma ve m\u00fc\u015fteri kabul ko\u015fullar\u0131n\u0131 iyile\u015ftirme \u00e7abalar\u0131m\u0131z\u0131n bir kan\u0131t\u0131d\u0131r. Bakan E\u0161tok bu ad\u0131mla sadece pratikteki de\u011fi\u015fimi de\u011fil, ayn\u0131 zamanda Slovakya'n\u0131n temsil etti\u011fi g\u00f6\u00e7 alan\u0131nda a\u00e7\u0131kl\u0131k ve sorumluluk gibi de\u011ferleri de ifade etmek istiyoruz\" dedi.<\/p><h4>B\u00fcy\u00fcyen bir g\u00fcndem<\/h4><p>Ge\u00e7ti\u011fimiz y\u0131llarda Nov\u00e9 Z\u00e1mky'de ikamet i\u00e7in yap\u0131lan ba\u015fvurular\u0131n say\u0131s\u0131 bir\u00e7ok kez artm\u0131\u015ft\u0131r. 2012 y\u0131l\u0131nda departman sadece 355 ba\u015fvuru alm\u0131\u015fken, 2022 ve 2024 y\u0131llar\u0131 aras\u0131nda bu say\u0131 keskin bir art\u0131\u015f g\u00f6stermi\u015ftir. 2022 y\u0131l\u0131nda 6.185 ba\u015fvuru al\u0131nm\u0131\u015f; 2023 y\u0131l\u0131nda 5.995 ba\u015fvuru al\u0131nm\u0131\u015f; 2024 y\u0131l\u0131nda ise ba\u015fvuru say\u0131s\u0131 biraz azalarak 4.679'a d\u00fc\u015fm\u00fc\u015ft\u00fcr. Bu art\u0131\u015f sadece mevcut g\u00fcndemden de\u011fil, ayn\u0131 zamanda Ukrayna'dan ayr\u0131lanlar\u0131n ak\u0131n\u0131ndan ve artan ikincil transit g\u00f6\u00e7ten de kaynaklanm\u0131\u015ft\u0131r.<\/p><h4>\u0130kincil g\u00f6\u00e7<\/h4><p>2016 ve 2021 y\u0131llar\u0131 aras\u0131nda, ikincil yasad\u0131\u015f\u0131 g\u00f6\u00e7le ba\u011flant\u0131l\u0131 olarak 674 yabanc\u0131 ile ilgilenilmi\u015ftir. Ancak, 2022 ve 2023 y\u0131llar\u0131 aras\u0131nda durum dramatik bir \u015fekilde de\u011fi\u015fmi\u015f, ele al\u0131nan d\u00fczensiz g\u00f6\u00e7men say\u0131s\u0131 1 914'e, 2023 y\u0131l\u0131nda ise 8 861'e ula\u015fm\u0131\u015ft\u0131r. Bu art\u0131\u015f, daha fazla personel g\u00f6revlendirilmesini ve kurumsal kapasitenin geli\u015ftirilmesini gerektirmi\u015ftir.<\/p><h4>Verimlilik i\u00e7in modernizasyon<\/h4><p>Yeni tesis, m\u00fc\u015fteriler ve personel i\u00e7in verimlili\u011fi ve konforu art\u0131rmaya odaklanarak tasarland\u0131. Artan kapasite, modern teknoloji ve daha iyi organizasyonel \u00e7\u00f6z\u00fcmler, ba\u015fvurular\u0131n daha h\u0131zl\u0131 ve sorunsuz bir \u015fekilde i\u015flenmesine yard\u0131mc\u0131 olacakt\u0131r. Hassas verilerin daha g\u00fcvenli bir \u015fekilde i\u015flenebilmesi ve ofisler aras\u0131nda daha sorunsuz ileti\u015fim kurulabilmesi de \u00f6nemli bir avantaj.<\/p><p>Bakan E\u0161tok a\u00e7\u0131l\u0131\u015fta, \u00e7al\u0131\u015fma ko\u015fullar\u0131n\u0131n iyile\u015ftirilmesinin sadece bir gereklilik de\u011fil, ayn\u0131 zamanda daha etkin s\u0131n\u0131r koruma ve Slovakya'ya gelen yabanc\u0131lara y\u00f6nelik hizmetlerin g\u00fc\u00e7lendirilmesi stratejisinin bir par\u00e7as\u0131 oldu\u011funu vurgulad\u0131.<\/p><p>Teknik iyile\u015ftirmelerin yan\u0131 s\u0131ra personelin profesyonelle\u015fmesine ve d\u00fczenli personel e\u011fitimine de \u00f6nem verilmektedir. Bu nedenle Nov\u00e9 Z\u00e1mky'deki yeni bina, g\u00f6\u00e7 alan\u0131ndaki mevcut zorluklarla ba\u015fa \u00e7\u0131kmada \u00f6nemli bir ad\u0131md\u0131r ve ayn\u0131 zamanda Yabanc\u0131lar Polisinin \u00e7al\u0131\u015fmas\u0131 i\u00e7in daha iyi ko\u015fullar yaratmaktad\u0131r.<\/p>\t\t\t\t\t\t<\/div>\n\t\t\t\t<\/div>\n\t\t\t\t\t<\/div>\n\t\t<\/div>\n\t\t\t\t\t<\/div>\n\t\t<\/section>\n\t\t\t\t<\/div>","protected":false},"excerpt":{"rendered":"<p>Nov\u00e9 Z\u00e1mky'deki Yabanc\u0131lar Polisi, \u0130\u00e7i\u015fleri Bakan\u0131 Mat\u00fa\u0161 \u0160utaj E\u0161tok taraf\u0131ndan a\u00e7\u0131l\u0131\u015f\u0131 yap\u0131lan yeni binas\u0131na kavu\u015ftu. Bu ta\u015f\u0131nman\u0131n nedeni, artan ikamet ba\u015fvurular\u0131 ve g\u00f6\u00e7 alan\u0131nda s\u00fcrekli de\u011fi\u015fen durumla ba\u011flant\u0131l\u0131 olarak artan idari y\u00fcke cevap verme ihtiyac\u0131yd\u0131. \"\u00d6nceli\u011fimiz [...] i\u00e7in \u00e7al\u0131\u015fma ko\u015fullar\u0131n\u0131 iyile\u015ftirmektir.<\/p>","protected":false},"author":1,"featured_media":11157,"comment_status":"open","ping_status":"open","sticky":false,"template":"","format":"standard","meta":{"footnotes":"","iawp_total_views":138},"categories":[52],"tags":[],"acf":[],"_links":{"self":[{"href":"https:\/\/vizum.sk\/tr\/wp-json\/wp\/v2\/posts\/11158"}],"collection":[{"href":"https:\/\/vizum.sk\/tr\/wp-json\/wp\/v2\/posts"}],"about":[{"href":"https:\/\/vizum.sk\/tr\/wp-json\/wp\/v2\/types\/post"}],"author":[{"embeddable":true,"href":"https:\/\/vizum.sk\/tr\/wp-json\/wp\/v2\/users\/1"}],"replies":[{"embeddable":true,"href":"https:\/\/vizum.sk\/tr\/wp-json\/wp\/v2\/comments?post=11158"}],"version-history":[{"count":0,"href":"https:\/\/vizum.sk\/tr\/wp-json\/wp\/v2\/posts\/11158\/revisions"}],"wp:featuredmedia":[{"embeddable":true,"href":"https:\/\/vizum.sk\/tr\/wp-json\/wp\/v2\/media\/11157"}],"wp:attachment":[{"href":"https:\/\/vizum.sk\/tr\/wp-json\/wp\/v2\/media?parent=11158"}],"wp:term":[{"taxonomy":"category","embeddable":true,"href":"https:\/\/vizum.sk\/tr\/wp-json\/wp\/v2\/categories?post=11158"},{"taxonomy":"post_tag","embeddable":true,"href":"https:\/\/vizum.sk\/tr\/wp-json\/wp\/v2\/tags?post=11158"}],"curies":[{"name":"wp","href":"https:\/\/api.w.org\/{rel}","templated":true}]}}