{"id":14417,"date":"2025-11-27T10:49:31","date_gmt":"2025-11-27T09:49:31","guid":{"rendered":"https:\/\/vizum.sk\/?p=14417"},"modified":"2025-11-27T13:37:29","modified_gmt":"2025-11-27T12:37:29","slug":"cudzinecka-policia-planuje-zvysit-kapcity","status":"publish","type":"post","link":"https:\/\/vizum.sk\/tr\/uzayli-polisi-kapasitesini-artirmayi-planliyor\/","title":{"rendered":"D\u0131\u015f Polis kapasitesini art\u0131rmay\u0131 planl\u0131yor"},"content":{"rendered":"<div data-elementor-type=\"wp-post\" data-elementor-id=\"14417\" class=\"elementor elementor-14417\">\n\t\t\t\t\t\t<section class=\"elementor-section elementor-top-section elementor-element elementor-element-90ecb45 elementor-section-boxed elementor-section-height-default elementor-section-height-default\" data-id=\"90ecb45\" data-element_type=\"section\">\n\t\t\t\t\t\t<div class=\"elementor-container elementor-column-gap-default\">\n\t\t\t\t\t<div class=\"elementor-column elementor-col-100 elementor-top-column elementor-element elementor-element-75b750f\" data-id=\"75b750f\" data-element_type=\"column\">\n\t\t\t<div class=\"elementor-widget-wrap elementor-element-populated\">\n\t\t\t\t\t\t<div class=\"elementor-element elementor-element-6e6adba elementor-widget elementor-widget-text-editor\" data-id=\"6e6adba\" data-element_type=\"widget\" data-widget_type=\"text-editor.default\">\n\t\t\t\t<div class=\"elementor-widget-container\">\n\t\t\t\t\t\t\t<p data-start=\"370\" data-end=\"854\">Slovakya Cumhuriyeti \u0130\u00e7i\u015fleri Bakanl\u0131\u011f\u0131, Slovakya'daki yabanc\u0131 polis te\u015fkilat\u0131n\u0131n i\u015fleyi\u015fini temelden etkileyebilecek bir \u00f6neri yay\u0131nlad\u0131. \u0130\u00e7i\u015fleri Bakan\u0131 Mat\u00fa\u0161 \u0160utaj E\u0161tok, 12 Kas\u0131m 2025 \u00c7ar\u015famba g\u00fcn\u00fc h\u00fck\u00fcmete, yabanc\u0131lar polisinin uzun s\u00fcreli a\u015f\u0131r\u0131 y\u00fck\u00fcne ve Slovakya'da ya\u015fayan yabanc\u0131lar\u0131n say\u0131s\u0131n\u0131n artmas\u0131na yan\u0131t veren bir materyal sundu. Bakanl\u0131\u011fa g\u00f6re, mevcut personel kapasiteleri yetersiz ve ge\u00e7mi\u015fte hi\u00e7 olmad\u0131\u011f\u0131 kadar h\u0131zl\u0131 b\u00fcy\u00fcyen b\u00fcy\u00fck \u00f6l\u00e7ekli ikamet g\u00fcndeminin ihtiya\u00e7lar\u0131n\u0131 kar\u015f\u0131lam\u0131yor. Yabanc\u0131lar Polisi, personel kapasitesini ve sayfa saatlerini artt\u0131rmay\u0131 planl\u0131yor.<\/p>\n<p data-start=\"370\" data-end=\"854\">Ajans\u0131m\u0131z, Ukrayna'daki sava\u015fla ilgili acil durumun ortadan kalkmas\u0131 halinde, y\u00fczlerce yabanc\u0131n\u0131n - \u00f6zellikle de i\u015f ama\u00e7l\u0131 oturma iznine sahip olanlar\u0131n - \u00fc\u00e7 y\u0131ldan uzun s\u00fcredir kal\u0131\u015flar\u0131n\u0131 yenilememeleri nedeniyle, Yabanc\u0131lar Polisi taraf\u0131ndan gecikmeden ele al\u0131nmas\u0131 gereken, zaman\u0131nda ve ka\u00e7\u0131n\u0131lmaz bir sorun ortaya \u00e7\u0131kaca\u011f\u0131 konusunda uzun s\u00fcredir uyar\u0131da bulunmaktad\u0131r.<\/p>\n<h4><strong data-start=\"859\" data-end=\"914\">Slovakya'daki yabanc\u0131lar\u0131n say\u0131s\u0131nda dinamik art\u0131\u015f<\/strong><\/h4>\n<p data-start=\"916\" data-end=\"1301\">2024 y\u0131l\u0131 sonuna kadar Slovakya'da ge\u00e7erli bir ikamete sahip oldular <strong data-start=\"966\" data-end=\"987\">337 140 yabanc\u0131<\/strong>. Bu, \u015fimdiye kadarki en y\u00fcksek say\u0131d\u0131r. On y\u0131l \u00f6nce, 2014 y\u0131l\u0131nda, sadece <strong data-start=\"1067\" data-end=\"1082\">84 787 ki\u015fi<\/strong>. On y\u0131ll\u0131k bir s\u00fcre zarf\u0131nda, neredeyse <strong data-start=\"1128\" data-end=\"1155\">300 art\u0131\u015f<\/strong>. Bu e\u011filim, Slovakya'n\u0131n d\u00fcnyan\u0131n farkl\u0131 yerlerinden \u00e7al\u0131\u015fanlar, yat\u0131r\u0131mc\u0131lar, \u00f6\u011frenciler ve aileler i\u00e7in \u00f6nemli bir \u00fclke haline geldi\u011finin a\u00e7\u0131k bir kan\u0131t\u0131d\u0131r.<\/p>\n<p data-start=\"1303\" data-end=\"1600\">\u0130kamet i\u00e7in yap\u0131lan ba\u015fvurular\u0131n say\u0131s\u0131nda Daire taraf\u0131ndan daha da \u00f6nemli bir art\u0131\u015f kaydedilmi\u015ftir. <strong data-start=\"1392\" data-end=\"1401\">320 %<\/strong>. Bu da Yabanc\u0131lar Polisinin uygulamada, \u00e7o\u011fu zaman al\u0131c\u0131, idari a\u00e7\u0131dan karma\u015f\u0131k ve s\u00fcrekli mevzuat de\u011fi\u015fikliklerinin e\u015flik etti\u011fi son derece y\u00fcksek say\u0131da davay\u0131 i\u015fleme koydu\u011fu anlam\u0131na gelmektedir.<\/p>\n<h4><strong data-start=\"1605\" data-end=\"1674\">Ukrayna'daki sava\u015f yabanc\u0131 polislerin kapasitesini \u00f6nemli \u00f6l\u00e7\u00fcde etkilemi\u015ftir<\/strong><\/h4>\n<p data-start=\"1676\" data-end=\"1985\">Yabanc\u0131 polislerin i\u015f y\u00fck\u00fcndeki b\u00fcy\u00fck art\u0131\u015fa katk\u0131da bulunan temel fakt\u00f6rlerden biri <strong data-start=\"1781\" data-end=\"1802\">Ukrayna'da sava\u015f<\/strong>. Slovakya 2022 y\u0131l\u0131ndan bu yana ge\u00e7ici s\u0131\u011f\u0131nma talebinde bulunan y\u00fcz binlerce ki\u015fiyi kabul etmi\u015ftir. Bu ki\u015filerin binlercesi uzun s\u00fcredir Slovakya'da kalmaktad\u0131r ve halen ikamet g\u00fcndemi alan\u0131nda yard\u0131ma ihtiya\u00e7 duymaktad\u0131r.<\/p>\n<p data-start=\"1987\" data-end=\"2172\">\u0130\u00e7i\u015fleri Bakanl\u0131\u011f\u0131'na g\u00f6re, Ukrayna'daki \u00e7at\u0131\u015fmayla ilgili ola\u011fan\u00fcst\u00fc halin yak\u0131n gelecekte sona ermesi muhtemel. Bunun ikamet g\u00fcndemi \u00fczerinde \u00f6nemli bir etkisi olacakt\u0131r:<\/p>\n<ul data-start=\"2174\" data-end=\"2390\">\n<li data-start=\"2174\" data-end=\"2280\">\n<p data-start=\"2176\" data-end=\"2280\">yakla\u015f\u0131k olarak <strong data-start=\"2186\" data-end=\"2206\">60.000 yabanc\u0131<\/strong>daha \u00f6nce yasal muafiyete sahip olanlar\u0131n ikametlerini yenilemeleri gerekecektir,<\/p>\n<\/li>\n<li data-start=\"2281\" data-end=\"2390\">\n<p data-start=\"2283\" data-end=\"2390\">sonraki <strong data-start=\"2291\" data-end=\"2340\">130.000 ki\u015fiye ge\u00e7ici bar\u0131nma sa\u011fland\u0131<\/strong> farkl\u0131 bir ikamet stat\u00fcs\u00fcne ge\u00e7mek zorunda kalacakt\u0131r.<\/p>\n<\/li>\n<\/ul>\n<p data-start=\"2392\" data-end=\"2606\">Bu s\u00fcre\u00e7, Yabanc\u0131 Polis Te\u015fkilat\u0131 tarihindeki en b\u00fcy\u00fck idari dalgalanmalardan birine neden olacakt\u0131r. Yetersiz personel olmas\u0131 halinde, bu durum a\u015f\u0131r\u0131 bekleme s\u00fcrelerine ve hizmetlerin mevcudiyetinde bozulmaya yol a\u00e7abilir.<\/p>\n<h4><strong data-start=\"2611\" data-end=\"2689\">Yat\u0131r\u0131mc\u0131lar, i\u015fg\u00fcc\u00fc g\u00f6\u00e7\u00fc ve uluslararas\u0131 \u00f6\u011frenciler sistem \u00fczerindeki bask\u0131y\u0131 art\u0131r\u0131yor<\/strong><\/h4>\n<p data-start=\"2691\" data-end=\"2831\">Slovakya, \u00fclkeye yeni projeler ve i\u015f imkanlar\u0131 getiren yabanc\u0131 yat\u0131r\u0131mc\u0131lar\u0131n da artan ilgisiyle kar\u015f\u0131 kar\u015f\u0131ya. Bunlar a\u011f\u0131rl\u0131kl\u0131 olarak \u015fu sekt\u00f6rlerdedir:<\/p>\n<ul data-start=\"2833\" data-end=\"2971\">\n<li data-start=\"2833\" data-end=\"2860\">\n<p data-start=\"2835\" data-end=\"2860\">otomotiv end\u00fcstrisi,<\/p>\n<\/li>\n<li data-start=\"2833\" data-end=\"2860\">\n<p data-start=\"2835\" data-end=\"2860\"><span style=\"background-color: transparent;\">ta\u015f\u0131mac\u0131l\u0131k ve lojistik,<\/span><\/p>\n<\/li>\n<li data-start=\"2886\" data-end=\"2928\">\n<p data-start=\"2888\" data-end=\"2928\">hem\u015firelik ve sa\u011fl\u0131k hizmetleri,<\/p>\n<\/li>\n<li data-start=\"2929\" data-end=\"2945\">\n<p data-start=\"2931\" data-end=\"2945\">Gastronomi,<\/p>\n<\/li>\n<li data-start=\"2929\" data-end=\"2945\">\n<p data-start=\"2931\" data-end=\"2945\"><span style=\"background-color: transparent;\">teknoloji end\u00fcstrileri.<\/span><\/p>\n<\/li>\n<\/ul>\n<p data-start=\"2973\" data-end=\"3214\">Bu \u015firketlerin bir\u00e7o\u011fu, ikamet izni vermesi veya yenilemesi gereken \u00fc\u00e7\u00fcnc\u00fc \u00fclke \u00e7al\u0131\u015fanlar\u0131n\u0131n gelmesini beklemektedir. Ayr\u0131ca \u015fu \u00fclkelerden de y\u00fcksek say\u0131da ba\u015fvuru gelmektedir <strong data-start=\"3144\" data-end=\"3170\">uluslararasi \u00f6\u011frenci\u0307ler<\/strong>Slovak \u00fcniversitelerine gelenler.<\/p>\n<p data-start=\"3216\" data-end=\"3340\">\u0130\u00e7i\u015fleri Bakanl\u0131\u011f\u0131, yabanc\u0131 polisin mevcut kapasitesinin bu \u00f6l\u00e7ekte bir g\u00f6\u00e7 ak\u0131n\u0131 i\u00e7in haz\u0131rl\u0131kl\u0131 olmad\u0131\u011f\u0131na i\u015faret etmektedir.<\/p>\n<h4><strong data-start=\"3345\" data-end=\"3422\">Planlanan \u00f6nlemler: yeni yabanc\u0131 merkezleri ve personel art\u0131\u015f\u0131<\/strong><\/h4>\n<p data-start=\"3424\" data-end=\"3520\">Bakan Mat\u00fa\u0161 \u0160utaj E\u0161tok, yabanc\u0131 polisin g\u00fc\u00e7lendirilmesinin \u015fu \u015fekilde uygulanmas\u0131 gerekti\u011fini s\u00f6yledi:<\/p>\n<ol data-start=\"3522\" data-end=\"3673\">\n<li data-start=\"3522\" data-end=\"3579\">\n<p data-start=\"3525\" data-end=\"3579\"><strong data-start=\"3525\" data-end=\"3576\">b\u00fcy\u00fck kapasiteli yabanc\u0131 merkezlerinin kurulmas\u0131<\/strong>,<\/p>\n<\/li>\n<li data-start=\"3580\" data-end=\"3673\">\n<p data-start=\"3583\" data-end=\"3673\"><strong data-start=\"3583\" data-end=\"3644\">polis memuru ve idari personel say\u0131s\u0131nda art\u0131\u015f<\/strong> mevcut departmanlarda.<\/p>\n<\/li>\n<\/ol>\n<p data-start=\"3675\" data-end=\"3860\">Bakanl\u0131k, bu t\u00fcr merkezlerin kurulmas\u0131na olanak sa\u011flayacak uygun binalar\u0131 belirlemi\u015ftir. Bu merkezlerin amac\u0131, i\u015flem s\u00fcrecini h\u0131zland\u0131rmak ve Yabanc\u0131lar Polisinin m\u00fcnferit birimlerinin \u00fczerindeki y\u00fck\u00fc azaltmakt\u0131r.<\/p>\n<h4><strong data-start=\"3866\" data-end=\"3915\">B\u00f6lgeye g\u00f6re \u00f6nerilen kapasite g\u00fc\u00e7lendirme<\/strong><\/h4>\n<ul data-start=\"3917\" data-end=\"4131\">\n<li data-start=\"3917\" data-end=\"3988\">\n<p data-start=\"3919\" data-end=\"3988\"><strong data-start=\"3919\" data-end=\"3950\">HCP Bratislava Direkt\u00f6rl\u00fc\u011f\u00fc<\/strong> - taraf\u0131ndan g\u00fc\u00e7lendirilmesi <strong data-start=\"3966\" data-end=\"3985\">50 \u00e7al\u0131\u015fan<\/strong>,<\/p>\n<\/li>\n<li data-start=\"3989\" data-end=\"4065\">\n<p data-start=\"3991\" data-end=\"4065\"><strong data-start=\"3991\" data-end=\"4027\">HCP Bansk\u00e1 Bystrica M\u00fcd\u00fcrl\u00fc\u011f\u00fc<\/strong> - taraf\u0131ndan g\u00fc\u00e7lendirilmesi <strong data-start=\"4043\" data-end=\"4062\">25 \u00e7al\u0131\u015fan<\/strong>,<\/p>\n<\/li>\n<li data-start=\"4066\" data-end=\"4131\">\n<p data-start=\"4068\" data-end=\"4131\"><strong data-start=\"4068\" data-end=\"4095\">HCP Pre\u0161ov M\u00fcd\u00fcrl\u00fc\u011f\u00fc<\/strong> - taraf\u0131ndan g\u00fc\u00e7lendirilmesi <strong data-start=\"4111\" data-end=\"4130\">25 \u00e7al\u0131\u015fan<\/strong>.<\/p>\n<\/li>\n<\/ul>\n<p data-start=\"4133\" data-end=\"4365\">Uzun vadede en b\u00fcy\u00fck bask\u0131yla kar\u015f\u0131 kar\u015f\u0131ya olan <strong data-start=\"4165\" data-end=\"4183\">OCP Bratislava<\/strong>Slovakya'da en fazla say\u0131da ba\u015fvuruyla ilgilenen kurumdur. Dahas\u0131, \u00f6nemli bir bo\u015f kadro oran\u0131ndan muzdariptir - planlanan 57 polis memuru yerine \u015fu anda sadece 37'si \u00e7al\u0131\u015fmaktad\u0131r.<\/p>\n<h4><strong data-start=\"4370\" data-end=\"4444\">Kamu hizmetlerinin iyile\u015ftirilmesi: daha fazla i\u015fyeri, daha uzun \u00e7al\u0131\u015fma saatleri<\/strong><\/h4>\n<p data-start=\"4446\" data-end=\"4600\">Personel takviyesinin yan\u0131 s\u0131ra, ba\u015fvuru sahiplerinin konforunu do\u011frudan art\u0131racak bir dizi pratik \u00f6nlem de \u00f6ng\u00f6r\u00fcl\u00fcyor. Bakanl\u0131k \u015funlar\u0131 \u00f6nermektedir:<\/p>\n<ul data-start=\"4602\" data-end=\"4813\">\n<li data-start=\"4602\" data-end=\"4671\">\n<p data-start=\"4604\" data-end=\"4671\">Web masalar\u0131ndaki i\u015flem pencerelerinin say\u0131s\u0131n\u0131n art\u0131r\u0131lmas\u0131,<\/p>\n<\/li>\n<li data-start=\"4672\" data-end=\"4735\">\n<p data-start=\"4674\" data-end=\"4735\">bunun m\u00fcmk\u00fcn olmad\u0131\u011f\u0131 durumlarda, <strong data-start=\"4700\" data-end=\"4732\">sayfa saatlerinin uzat\u0131lmas\u0131<\/strong>,<\/p>\n<\/li>\n<li data-start=\"4736\" data-end=\"4813\">\n<p data-start=\"4738\" data-end=\"4813\">Bekleme s\u00fcrelerini azaltmak i\u00e7in idari s\u00fcre\u00e7leri optimize etmek.<\/p>\n<\/li>\n<\/ul>\n<p data-start=\"4815\" data-end=\"4957\">Ama\u00e7, ba\u015fvuru sahiplerinin birka\u00e7 saatlik kuyruklarla veya m\u00fcsait olmayan randevularla u\u011fra\u015fmak zorunda kalmamalar\u0131 i\u00e7in hizmetlerin verimlili\u011fini ve kullan\u0131labilirli\u011fini art\u0131rmakt\u0131r.<\/p>\n<p data-start=\"4815\" data-end=\"4957\">Kaynak.<\/p>\t\t\t\t\t\t<\/div>\n\t\t\t\t<\/div>\n\t\t\t\t\t<\/div>\n\t\t<\/div>\n\t\t\t\t\t<\/div>\n\t\t<\/section>\n\t\t\t\t<\/div>","protected":false},"excerpt":{"rendered":"<p>Slovakya Cumhuriyeti \u0130\u00e7i\u015fleri Bakanl\u0131\u011f\u0131, Slovakya'daki yabanc\u0131 polis te\u015fkilat\u0131n\u0131n i\u015fleyi\u015fini temelden etkileyebilecek bir \u00f6neri yay\u0131nlad\u0131. \u0130\u00e7i\u015fleri Bakan\u0131 Mat\u00fa\u0161 \u0160utaj E\u0161tok 12 Kas\u0131m 2025 \u00c7ar\u015famba g\u00fcn\u00fc h\u00fck\u00fcmete, yabanc\u0131lar polisinin uzun s\u00fcreli a\u015f\u0131r\u0131 y\u00fck\u00fcne ve Slovakya'da ya\u015fayan yabanc\u0131lar\u0131n say\u0131s\u0131n\u0131n artmas\u0131na yan\u0131t veren bir materyal sundu. Bakanl\u0131\u011fa g\u00f6re, mevcut personel kapasiteleri yetersiz ve ihtiya\u00e7lar\u0131 kar\u015f\u0131lam\u0131yor [...]<\/p>","protected":false},"author":1,"featured_media":14419,"comment_status":"open","ping_status":"open","sticky":false,"template":"","format":"standard","meta":{"footnotes":"","iawp_total_views":318},"categories":[70,52],"tags":[],"acf":[],"_links":{"self":[{"href":"https:\/\/vizum.sk\/tr\/wp-json\/wp\/v2\/posts\/14417"}],"collection":[{"href":"https:\/\/vizum.sk\/tr\/wp-json\/wp\/v2\/posts"}],"about":[{"href":"https:\/\/vizum.sk\/tr\/wp-json\/wp\/v2\/types\/post"}],"author":[{"embeddable":true,"href":"https:\/\/vizum.sk\/tr\/wp-json\/wp\/v2\/users\/1"}],"replies":[{"embeddable":true,"href":"https:\/\/vizum.sk\/tr\/wp-json\/wp\/v2\/comments?post=14417"}],"version-history":[{"count":26,"href":"https:\/\/vizum.sk\/tr\/wp-json\/wp\/v2\/posts\/14417\/revisions"}],"predecessor-version":[{"id":14446,"href":"https:\/\/vizum.sk\/tr\/wp-json\/wp\/v2\/posts\/14417\/revisions\/14446"}],"wp:featuredmedia":[{"embeddable":true,"href":"https:\/\/vizum.sk\/tr\/wp-json\/wp\/v2\/media\/14419"}],"wp:attachment":[{"href":"https:\/\/vizum.sk\/tr\/wp-json\/wp\/v2\/media?parent=14417"}],"wp:term":[{"taxonomy":"category","embeddable":true,"href":"https:\/\/vizum.sk\/tr\/wp-json\/wp\/v2\/categories?post=14417"},{"taxonomy":"post_tag","embeddable":true,"href":"https:\/\/vizum.sk\/tr\/wp-json\/wp\/v2\/tags?post=14417"}],"curies":[{"name":"wp","href":"https:\/\/api.w.org\/{rel}","templated":true}]}}