{"id":14512,"date":"2026-01-15T21:20:19","date_gmt":"2026-01-15T20:20:19","guid":{"rendered":"https:\/\/vizum.sk\/?p=14512"},"modified":"2026-01-15T21:29:47","modified_gmt":"2026-01-15T20:29:47","slug":"upozornenie-cudzinecka-policia-bude-19-01-2026-zatvorena","status":"publish","type":"post","link":"https:\/\/vizum.sk\/tr\/duyuru-uzayli-polisi-19-01-2026-tarihinde-kapali-olacaktir\/","title":{"rendered":"L\u00fctfen dikkat: Yabanc\u0131lar Polisi 19.01.2026 tarihinde kapal\u0131 olacakt\u0131r."},"content":{"rendered":"<div data-elementor-type=\"wp-post\" data-elementor-id=\"14512\" class=\"elementor elementor-14512\">\n\t\t\t\t\t\t<section class=\"elementor-section elementor-top-section elementor-element elementor-element-438ec30 elementor-section-boxed elementor-section-height-default elementor-section-height-default\" data-id=\"438ec30\" data-element_type=\"section\">\n\t\t\t\t\t\t<div class=\"elementor-container elementor-column-gap-default\">\n\t\t\t\t\t<div class=\"elementor-column elementor-col-100 elementor-top-column elementor-element elementor-element-59f369f\" data-id=\"59f369f\" data-element_type=\"column\">\n\t\t\t<div class=\"elementor-widget-wrap elementor-element-populated\">\n\t\t\t\t\t\t<div class=\"elementor-element elementor-element-03b3608 elementor-widget elementor-widget-text-editor\" data-id=\"03b3608\" data-element_type=\"widget\" data-widget_type=\"text-editor.default\">\n\t\t\t\t<div class=\"elementor-widget-container\">\n\t\t\t\t\t\t\t<p>Slovak Cumhuriyeti \u0130\u00e7i\u015fleri Bakanl\u0131\u011f\u0131, Slovakya genelindeki i\u015fyerlerini etkileyecek planl\u0131 bir hizmet azalt\u0131m\u0131 konusunda vatanda\u015flar\u0131 bilgilendiriyor. Pazartesi g\u00fcn\u00fc <b data-path-to-node=\"4\" data-index-in-node=\"156\">19 Ocak 2026<\/b> teknik nedenlerden dolay\u0131 \u00f6nemli departmanlarda hizmet verilemeyecektir. Mevcut t\u00fcm randevular <b>21 Ocak 2026 <\/b>orijinal saatle birlikte, size g\u00f6nderilen ayn\u0131 PIN kodu da ge\u00e7erli kal\u0131r. <b>Kesin yeniden planlama bilgileri i\u00e7in e-posta gelen kutunuza g\u00f6z at\u0131n.<\/b><\/p><h3 data-path-to-node=\"5\">Kapatma kapsam\u0131<\/h3><p data-path-to-node=\"6\">Kesinti Slovak Cumhuriyeti'ndeki t\u00fcm tesisleri etkilemektedir:<\/p><p data-path-to-node=\"6\"><b style=\"background-color: transparent;\" data-path-to-node=\"7,0,0\" data-index-in-node=\"0\">Belge departmanlar\u0131<\/b><span style=\"background-color: transparent;\"> (kimlik kartlar\u0131, pasaportlar, ehliyetler verilmesi).<br \/><\/span><b style=\"background-color: transparent;\" data-path-to-node=\"7,1,0\" data-index-in-node=\"0\">Trafik m\u00fcfetti\u015fleri<\/b><span style=\"background-color: transparent;\"> (ara\u00e7 tescil ve ilgili i\u015flemler).<br \/><\/span><b style=\"background-color: transparent;\" data-path-to-node=\"7,2,0\" data-index-in-node=\"0\">Yabanc\u0131 Polis Departmanlar\u0131<\/b><span style=\"background-color: transparent;\"> PZ.<\/span><\/p><h3 data-path-to-node=\"8\">Hizmet kesintisinin nedeni<\/h3><p data-path-to-node=\"9\">Bu k\u0131s\u0131tlaman\u0131n nedeni \u015fudur <b data-path-to-node=\"9\" data-index-in-node=\"28\">ileti\u015fim altyap\u0131s\u0131na planl\u0131 teknik m\u00fcdahale<\/b> Slovak Cumhuriyeti \u0130\u00e7i\u015fleri Bakanl\u0131\u011f\u0131. \u0130\u015fin karma\u015f\u0131kl\u0131\u011f\u0131 ve do\u011fas\u0131 nedeniyle, sistemler tamamen kapat\u0131lmadan normal \u00e7al\u0131\u015fma s\u0131ras\u0131nda bu m\u00fcdahalenin ger\u00e7ekle\u015ftirilmesi m\u00fcmk\u00fcn de\u011fildir.<\/p><blockquote data-path-to-node=\"10\"><p data-path-to-node=\"10,0\"><b data-path-to-node=\"10,0\" data-index-in-node=\"0\">\u00d6nemli Uyar\u0131:<\/b> Bu randevu i\u00e7in online rezervasyon yapt\u0131rm\u0131\u015f olan vatanda\u015flara iptal bildirimi g\u00f6nderilecektir. Taleplerini i\u015fleme koymak i\u00e7in sonraki g\u00fcnlerde bir sonraki m\u00fcsait tarihleri kullanabileceklerdir.<\/p><\/blockquote><h3 data-path-to-node=\"11\">Kamuoyuna y\u00f6nelik tavsiyeler<\/h3><ul data-path-to-node=\"12\"><li><p data-path-to-node=\"12,0,0\"><b data-path-to-node=\"12,0,0\" data-index-in-node=\"0\">\u00d6nceden plan yap\u0131n:<\/b> Acil konularla ilgilenmeniz gerekiyorsa, 16 Ocak Cuma g\u00fcn\u00fcne kadar veya daha sonra 20 Ocak Sal\u0131 g\u00fcn\u00fcnden itibaren ofisleri ziyaret etmenizi \u00f6neririz.<\/p><\/li><li><p data-path-to-node=\"12,1,0\"><b data-path-to-node=\"12,1,0\" data-index-in-node=\"0\">Elektronik hizmetler:<\/b> Slovak Cumhuriyeti \u0130\u00e7i\u015fleri Bakanl\u0131\u011f\u0131'n\u0131n etkilenen altyap\u0131ya ba\u011fl\u0131 baz\u0131 elektronik hizmetleri de teknik m\u00fcdahale s\u0131ras\u0131nda kullan\u0131lamayabilir.<\/p><\/li><\/ul><p data-path-to-node=\"13\">\u0130\u00e7i\u015fleri Bakanl\u0131\u011f\u0131 neden oldu\u011fu rahats\u0131zl\u0131ktan dolay\u0131 \u00f6z\u00fcr diler ve anlay\u0131\u015f\u0131n\u0131z i\u00e7in te\u015fekk\u00fcr eder. Teknik modernizasyonun amac\u0131 devlet sistemlerinde daha fazla istikrar ve g\u00fcvenlik sa\u011flamakt\u0131r.<\/p><p data-path-to-node=\"13\">Kaynak.<\/p>\t\t\t\t\t\t<\/div>\n\t\t\t\t<\/div>\n\t\t\t\t\t<\/div>\n\t\t<\/div>\n\t\t\t\t\t<\/div>\n\t\t<\/section>\n\t\t\t\t<\/div>","protected":false},"excerpt":{"rendered":"<p>Slovak Cumhuriyeti \u0130\u00e7i\u015fleri Bakanl\u0131\u011f\u0131, Slovakya genelindeki i\u015fyerlerini etkileyecek olan hizmetlerde planlanan bir azalma konusunda vatanda\u015flar\u0131 bilgilendiriyor. 19 Ocak 2026 Pazartesi g\u00fcn\u00fc, teknik nedenlerden dolay\u0131 \u00f6nemli birimlerde hizmet verilemeyecektir. Mevcut t\u00fcm randevular orijinal saatiyle 21 Ocak 2026 tarihine al\u0131nm\u0131\u015ft\u0131r, ayr\u0131ca size g\u00f6nderilen ayn\u0131 PIN kodu y\u00fcr\u00fcrl\u00fckte kalacakt\u0131r. Devam [...]<\/p>","protected":false},"author":1,"featured_media":14521,"comment_status":"open","ping_status":"open","sticky":false,"template":"","format":"standard","meta":{"footnotes":"","iawp_total_views":69},"categories":[70],"tags":[],"acf":[],"_links":{"self":[{"href":"https:\/\/vizum.sk\/tr\/wp-json\/wp\/v2\/posts\/14512"}],"collection":[{"href":"https:\/\/vizum.sk\/tr\/wp-json\/wp\/v2\/posts"}],"about":[{"href":"https:\/\/vizum.sk\/tr\/wp-json\/wp\/v2\/types\/post"}],"author":[{"embeddable":true,"href":"https:\/\/vizum.sk\/tr\/wp-json\/wp\/v2\/users\/1"}],"replies":[{"embeddable":true,"href":"https:\/\/vizum.sk\/tr\/wp-json\/wp\/v2\/comments?post=14512"}],"version-history":[{"count":7,"href":"https:\/\/vizum.sk\/tr\/wp-json\/wp\/v2\/posts\/14512\/revisions"}],"predecessor-version":[{"id":14519,"href":"https:\/\/vizum.sk\/tr\/wp-json\/wp\/v2\/posts\/14512\/revisions\/14519"}],"wp:featuredmedia":[{"embeddable":true,"href":"https:\/\/vizum.sk\/tr\/wp-json\/wp\/v2\/media\/14521"}],"wp:attachment":[{"href":"https:\/\/vizum.sk\/tr\/wp-json\/wp\/v2\/media?parent=14512"}],"wp:term":[{"taxonomy":"category","embeddable":true,"href":"https:\/\/vizum.sk\/tr\/wp-json\/wp\/v2\/categories?post=14512"},{"taxonomy":"post_tag","embeddable":true,"href":"https:\/\/vizum.sk\/tr\/wp-json\/wp\/v2\/tags?post=14512"}],"curies":[{"name":"wp","href":"https:\/\/api.w.org\/{rel}","templated":true}]}}