{"id":2983,"date":"2022-10-20T09:40:31","date_gmt":"2022-10-20T07:40:31","guid":{"rendered":"https:\/\/vizum.sk\/?p=2983"},"modified":"2022-11-21T18:43:12","modified_gmt":"2022-11-21T17:43:12","slug":"zmeny-v-cennikoch-poskytovanych-sluzieb","status":"publish","type":"post","link":"https:\/\/vizum.sk\/tr\/saglanan-hi%cc%87zmetleri%cc%87n-fi%cc%87yat-li%cc%87steleri%cc%87ndeki%cc%87-degi%cc%87si%cc%87kli%cc%87kler\/","title":{"rendered":"Sa\u011flanan hizmetlerin tarifesinde de\u011fi\u015fiklik"},"content":{"rendered":"<div data-elementor-type=\"wp-post\" data-elementor-id=\"2983\" class=\"elementor elementor-2983\">\n\t\t\t\t\t\t<section class=\"elementor-section elementor-top-section elementor-element elementor-element-408fccc elementor-section-boxed elementor-section-height-default elementor-section-height-default\" data-id=\"408fccc\" data-element_type=\"section\">\n\t\t\t\t\t\t<div class=\"elementor-container elementor-column-gap-default\">\n\t\t\t\t\t<div class=\"elementor-column elementor-col-100 elementor-top-column elementor-element elementor-element-6388f2d\" data-id=\"6388f2d\" data-element_type=\"column\">\n\t\t\t<div class=\"elementor-widget-wrap elementor-element-populated\">\n\t\t\t\t\t\t<div class=\"elementor-element elementor-element-d14c9e5 elementor-widget elementor-widget-heading\" data-id=\"d14c9e5\" data-element_type=\"widget\" data-widget_type=\"heading.default\">\n\t\t\t\t<div class=\"elementor-widget-container\">\n\t\t\t<h2 class=\"elementor-heading-title elementor-size-default\">Sa\u011flanan hizmetlerin tarifesinde de\u011fi\u015fiklik <\/h2>\t\t<\/div>\n\t\t\t\t<\/div>\n\t\t\t\t\t<\/div>\n\t\t<\/div>\n\t\t\t\t\t<\/div>\n\t\t<\/section>\n\t\t\t\t<section class=\"elementor-section elementor-top-section elementor-element elementor-element-042ebba elementor-section-boxed elementor-section-height-default elementor-section-height-default\" data-id=\"042ebba\" data-element_type=\"section\">\n\t\t\t\t\t\t<div class=\"elementor-container elementor-column-gap-default\">\n\t\t\t\t\t<div class=\"elementor-column elementor-col-100 elementor-top-column elementor-element elementor-element-ccf1ade\" data-id=\"ccf1ade\" data-element_type=\"column\">\n\t\t\t<div class=\"elementor-widget-wrap elementor-element-populated\">\n\t\t\t\t\t\t<div class=\"elementor-element elementor-element-46d2410 elementor-widget elementor-widget-text-editor\" data-id=\"46d2410\" data-element_type=\"widget\" data-widget_type=\"text-editor.default\">\n\t\t\t\t<div class=\"elementor-widget-container\">\n\t\t\t\t\t\t\t<p>Say\u0131n M\u00fc\u015fteri,<\/p><p>Piyasada k\u00fcresel enflasyonun neden oldu\u011fu s\u00fcrekli artan fiyatlara dayanarak, sunulan hizmetlerin fiyatlar\u0131n\u0131n ortalama 20% artt\u0131\u011f\u0131 ka\u00e7\u0131n\u0131lmaz sonucuna vard\u0131k. M\u00fc\u015fterilerimiz i\u00e7in krizin ba\u015flang\u0131c\u0131ndan bu yana uzun s\u00fcre fiyatlar\u0131 de\u011fi\u015ftirmedik ancak ortaklar\u0131m\u0131z da fiyatlar\u0131 art\u0131rd\u0131 ve dolay\u0131s\u0131yla i\u015fletme maliyetlerimiz artt\u0131. Bu nedenle biz de fiyatlar\u0131 y\u00fckseltmek zorunda kald\u0131k.\u00a0<\/p><p>Fiyat listesinin ayarlanmas\u0131 radikal g\u00f6r\u00fcnebilir, ancak Ekim ay\u0131nda 18%&#039;ye ula\u015fan Slovakya&#039;daki enflasyonun mevcut durumunu dikkate al\u0131rsak, ayn\u0131s\u0131n\u0131 sa\u011flamaya devam edebilmemiz i\u00e7in bu ad\u0131m bizim a\u00e7\u0131m\u0131zdan gerekli. De\u011fi\u015fmeyen ko\u015fullar alt\u0131nda kaliteli hizmet ve konaklaman\u0131n \u00f6d\u00fcllendirme s\u00fcrecini etkilemeyen veya halihaz\u0131rda hizmetlerimizi kullanan m\u00fc\u015fterilerimizden ek \u00fccret talep etmeyen.\u00a0<\/p><p><strong>Mevcut de\u011fi\u015fiklikler 1 Kas\u0131m 2022&#039;den itibaren ge\u00e7erli olacak ve yaln\u0131zca yeni kurulan s\u00f6zle\u015fmeye dayal\u0131 ili\u015fkiler i\u00e7in ge\u00e7erli olacakt\u0131r.<br \/><\/strong> Devam eden s\u00f6zle\u015fmeye dayal\u0131 ili\u015fkiler bu de\u011fi\u015fiklikten etkilenmez ve devam eden i\u015flemlerin s\u00f6zle\u015fmeye dayal\u0131 ko\u015fullar\u0131n\u0131 Ekler \u015feklinde de\u011fi\u015ftirmeyece\u011fiz.\u00a0<\/p><p>Her ne kadar bu ger\u00e7e\u011fi duyurmaktan ho\u015flanmasak da, bir\u00e7ok m\u00fczakere sonras\u0131nda bu ad\u0131m\u0131n \u00f6n\u00fcne ge\u00e7ilemedi.\u00a0<\/p><p>Bu mesaj\u0131 anlayaca\u011f\u0131n\u0131za inan\u0131yoruz.\u00a0<\/p><p>Sayg\u0131lar\u0131mla,\u00a0<br \/>Slovakya&#039;ya Ta\u015f\u0131nma ekibiniz<br \/>MTS Dan\u0131\u015fmanl\u0131k, s.r.o.<\/p>\t\t\t\t\t\t<\/div>\n\t\t\t\t<\/div>\n\t\t\t\t\t<\/div>\n\t\t<\/div>\n\t\t\t\t\t<\/div>\n\t\t<\/section>\n\t\t\t\t<\/div>","protected":false},"excerpt":{"rendered":"<p>Sunulan hizmetlerin fiyat listesinde de\u011fi\u015fiklik De\u011ferli m\u00fc\u015fterimiz, k\u00fcresel enflasyon nedeniyle piyasada s\u00fcrekli artan fiyatlara dayanarak, sunulan hizmetlerin fiyatlar\u0131n\u0131n ortalama 20% oran\u0131nda art\u0131r\u0131laca\u011f\u0131 ka\u00e7\u0131n\u0131lmaz sonucuna vard\u0131k. Krizin ba\u015flang\u0131c\u0131ndan bu yana m\u00fc\u015fterilerimiz i\u00e7in fiyatlar\u0131m\u0131z\u0131 uzun s\u00fcre de\u011fi\u015ftirmedik ancak ortaklar\u0131m\u0131z da fiyatlar\u0131n\u0131 art\u0131rd\u0131lar ve dolay\u0131s\u0131yla bizim [\u2026]<\/p>","protected":false},"author":1,"featured_media":2986,"comment_status":"open","ping_status":"open","sticky":false,"template":"","format":"standard","meta":{"footnotes":"","iawp_total_views":20},"categories":[51],"tags":[],"acf":[],"_links":{"self":[{"href":"https:\/\/vizum.sk\/tr\/wp-json\/wp\/v2\/posts\/2983"}],"collection":[{"href":"https:\/\/vizum.sk\/tr\/wp-json\/wp\/v2\/posts"}],"about":[{"href":"https:\/\/vizum.sk\/tr\/wp-json\/wp\/v2\/types\/post"}],"author":[{"embeddable":true,"href":"https:\/\/vizum.sk\/tr\/wp-json\/wp\/v2\/users\/1"}],"replies":[{"embeddable":true,"href":"https:\/\/vizum.sk\/tr\/wp-json\/wp\/v2\/comments?post=2983"}],"version-history":[{"count":0,"href":"https:\/\/vizum.sk\/tr\/wp-json\/wp\/v2\/posts\/2983\/revisions"}],"wp:featuredmedia":[{"embeddable":true,"href":"https:\/\/vizum.sk\/tr\/wp-json\/wp\/v2\/media\/2986"}],"wp:attachment":[{"href":"https:\/\/vizum.sk\/tr\/wp-json\/wp\/v2\/media?parent=2983"}],"wp:term":[{"taxonomy":"category","embeddable":true,"href":"https:\/\/vizum.sk\/tr\/wp-json\/wp\/v2\/categories?post=2983"},{"taxonomy":"post_tag","embeddable":true,"href":"https:\/\/vizum.sk\/tr\/wp-json\/wp\/v2\/tags?post=2983"}],"curies":[{"name":"wp","href":"https:\/\/api.w.org\/{rel}","templated":true}]}}