{"id":3534,"date":"2023-01-01T19:55:52","date_gmt":"2023-01-01T18:55:52","guid":{"rendered":"https:\/\/vizum.sk\/?p=3534"},"modified":"2023-01-07T21:14:25","modified_gmt":"2023-01-07T20:14:25","slug":"vstup-chorvatska-do-schengenu","status":"publish","type":"post","link":"https:\/\/vizum.sk\/tr\/hirvati%cc%87standan-sengene-gi%cc%87ri%cc%87s\/","title":{"rendered":"H\u0131rvatistan'\u0131n Schengen'e giri\u015fi"},"content":{"rendered":"<div data-elementor-type=\"wp-post\" data-elementor-id=\"3534\" class=\"elementor elementor-3534\">\n\t\t\t\t\t\t<section class=\"elementor-section elementor-top-section elementor-element elementor-element-b5fc0e7 elementor-section-boxed elementor-section-height-default elementor-section-height-default\" data-id=\"b5fc0e7\" data-element_type=\"section\">\n\t\t\t\t\t\t<div class=\"elementor-container elementor-column-gap-default\">\n\t\t\t\t\t<div class=\"elementor-column elementor-col-100 elementor-top-column elementor-element elementor-element-7256eab\" data-id=\"7256eab\" data-element_type=\"column\">\n\t\t\t<div class=\"elementor-widget-wrap elementor-element-populated\">\n\t\t\t\t\t\t<div class=\"elementor-element elementor-element-1287647 elementor-widget elementor-widget-text-editor\" data-id=\"1287647\" data-element_type=\"widget\" data-widget_type=\"text-editor.default\">\n\t\t\t\t<div class=\"elementor-widget-container\">\n\t\t\t\t\t\t\t<h4><strong>H\u0131rvatistan s\u0131n\u0131rlar\u0131n\u0131 Schengen'e a\u00e7\u0131yor<\/strong><\/h4><h6><strong>H\u0131rvatistan'\u0131n kabul\u00fc, Avrupa Komisyonu'nun \u00fclkenin geleneksel s\u0131n\u0131rlardan ar\u0131nd\u0131r\u0131lm\u0131\u015f b\u00f6lgeye kat\u0131lma ko\u015fullar\u0131n\u0131 kar\u015f\u0131lad\u0131\u011f\u0131n\u0131 de\u011ferlendirmesinden \u00fc\u00e7 y\u0131l sonra ger\u00e7ekle\u015fti. Bu, \u00fclkenin Avrupa entegrasyonundaki bir sonraki b\u00fcy\u00fck ad\u0131m olan Avro'nun kabul\u00fc ile ayn\u0131 zamanda ger\u00e7ekle\u015fecek. H\u0131rvatistan'da tek para birimine ge\u00e7ilmesi Temmuz ay\u0131nda AB maliye bakanlar\u0131 taraf\u0131ndan kabul edilmi\u015fti.<\/strong><\/h6><p>H\u0131rvatistan Ba\u015fbakan\u0131 Andrej Plenkovic Pazar g\u00fcn\u00fc Avrupa Komisyonu Ba\u015fkan\u0131 Ursula von der Leyen'i Slovenya s\u0131n\u0131r kap\u0131s\u0131nda kar\u015f\u0131layarak H\u0131rvatistan'\u0131n Schengen serbest dola\u015f\u0131m alan\u0131na giri\u015fini kutlad\u0131. S\u0131n\u0131r ge\u00e7i\u015f noktalar\u0131ndaki bariyerler gece yar\u0131s\u0131 kald\u0131r\u0131ld\u0131.<\/p><p>H\u0131rvat bas\u0131n\u0131nda yer alan haberlere g\u00f6re, \u00fclke ayn\u0131 zamanda Euro b\u00f6lgesine giri\u015fini kutluyor ve maliye bakan\u0131 ile merkez bankas\u0131 ba\u015fkan\u0131 Zagreb'deki bir ATM'den sembolik olarak Euro \u00e7ekti.<\/p><h5><strong>EUROM ile s\u0131n\u0131r kap\u0131lar\u0131nda kuyruklar olmadan H\u0131rvatistan'a tatile gidin<\/strong><\/h5><p>Tek Avrupa para birimi olan Avro, Pazar g\u00fcn\u00fc H\u0131rvatistan'da da y\u00fcr\u00fcrl\u00fc\u011fe girdi. Maliye Bakan\u0131 Marko Primorac bu geli\u015fmeyi Vali Vujcic ile birlikte kutlad\u0131 ve her ikisi de bir ATM'den 50 Avro \u00e7ekti.\u00a0<strong>&#8220;<\/strong><strong>Avrupa Birli\u011fi'ne kat\u0131lmam\u0131z\u0131n \u00fczerinden on y\u0131ldan k\u0131sa bir s\u00fcre ge\u00e7tikten sonra bir ba\u015fka stratejik hedefimize daha ula\u015fm\u0131\u015f olmaktan ve H\u0131rvatistan'\u0131n art\u0131k Avro b\u00f6lgesinin bir \u00fcyesi olmas\u0131ndan gurur duyuyorum.\"<\/strong>\u00a0Primorac N1'e verdi\u011fi deme\u00e7te, avronun a\u015fa\u011f\u0131daki hususlar\u0131 temsil etti\u011fini s\u00f6zlerine ekledi\u00a0<strong>\"istikrar i\u00e7in sa\u011flam bir temel\"\u00a0<\/strong>mevcut\u00a0<strong>\"\u00c7alkant\u0131l\u0131 zamanlar\".<\/strong>\u00a0Vujcic, H\u0131rvatistan'daki ATM'lerden avro \u00e7ekme imkan\u0131n\u0131 \u015fu \u015fekilde tan\u0131mlad\u0131\u00a0<strong>\"harika bir duygu\"<\/strong>.\u00a0<strong>\"Krizlere kar\u015f\u0131 daha diren\u00e7li, yat\u0131r\u0131m ve i\u015f d\u00fcnyas\u0131 i\u00e7in daha cazip olaca\u011f\u0131z.\"<\/strong>\u00a0O ekledi.<\/p><div class=\"headline-meta-source\">Kaynak: ta3 tasr \u010dtk<\/div><div class=\"headline-meta-source\">Foto\u011fraf kayna\u011f\u0131: TASR\/AP<\/div>\t\t\t\t\t\t<\/div>\n\t\t\t\t<\/div>\n\t\t\t\t\t<\/div>\n\t\t<\/div>\n\t\t\t\t\t<\/div>\n\t\t<\/section>\n\t\t\t\t<\/div>","protected":false},"excerpt":{"rendered":"<p>H\u0131rvatistan s\u0131n\u0131rlar\u0131n\u0131 Schengen'e a\u00e7\u0131yor H\u0131rvatistan, Avrupa Komisyonu'nun \u00fclkenin geleneksel s\u0131n\u0131rlar\u0131 olmayan b\u00f6lgeye kat\u0131lma ko\u015fullar\u0131n\u0131 kar\u015f\u0131lad\u0131\u011f\u0131n\u0131 de\u011ferlendirmesinden \u00fc\u00e7 y\u0131l sonra Schengen'e kabul edildi. Bu, \u00fclkenin Avrupa entegrasyonundaki bir sonraki b\u00fcy\u00fck ad\u0131m olan Avro'nun kabul\u00fc ile ayn\u0131 zamanda ger\u00e7ekle\u015fecek. H\u0131rvatistan'da tek para birimine ge\u00e7ilmesi AB maliye bakanlar\u0131 taraf\u0131ndan kabul [...]<\/p>","protected":false},"author":1,"featured_media":3795,"comment_status":"open","ping_status":"open","sticky":false,"template":"","format":"standard","meta":{"footnotes":"","iawp_total_views":17},"categories":[50],"tags":[],"acf":[],"_links":{"self":[{"href":"https:\/\/vizum.sk\/tr\/wp-json\/wp\/v2\/posts\/3534"}],"collection":[{"href":"https:\/\/vizum.sk\/tr\/wp-json\/wp\/v2\/posts"}],"about":[{"href":"https:\/\/vizum.sk\/tr\/wp-json\/wp\/v2\/types\/post"}],"author":[{"embeddable":true,"href":"https:\/\/vizum.sk\/tr\/wp-json\/wp\/v2\/users\/1"}],"replies":[{"embeddable":true,"href":"https:\/\/vizum.sk\/tr\/wp-json\/wp\/v2\/comments?post=3534"}],"version-history":[{"count":0,"href":"https:\/\/vizum.sk\/tr\/wp-json\/wp\/v2\/posts\/3534\/revisions"}],"wp:featuredmedia":[{"embeddable":true,"href":"https:\/\/vizum.sk\/tr\/wp-json\/wp\/v2\/media\/3795"}],"wp:attachment":[{"href":"https:\/\/vizum.sk\/tr\/wp-json\/wp\/v2\/media?parent=3534"}],"wp:term":[{"taxonomy":"category","embeddable":true,"href":"https:\/\/vizum.sk\/tr\/wp-json\/wp\/v2\/categories?post=3534"},{"taxonomy":"post_tag","embeddable":true,"href":"https:\/\/vizum.sk\/tr\/wp-json\/wp\/v2\/tags?post=3534"}],"curies":[{"name":"wp","href":"https:\/\/api.w.org\/{rel}","templated":true}]}}