{"id":6494,"date":"2023-09-07T11:09:42","date_gmt":"2023-09-07T09:09:42","guid":{"rendered":"https:\/\/vizum.sk\/?p=6494"},"modified":"2024-01-23T18:37:56","modified_gmt":"2024-01-23T17:37:56","slug":"zmena-zakona-o-pobyte-cudzincov-c-404-2011","status":"publish","type":"post","link":"https:\/\/vizum.sk\/tr\/zmena-zakona-o-pobyte-cudzincov-c-404-2011\/","title":{"rendered":"404\/2011 say\u0131l\u0131 Yabanc\u0131lar\u0131n \u0130kametine \u0130li\u015fkin Yasa De\u011fi\u015fikli\u011fi"},"content":{"rendered":"<div data-elementor-type=\"wp-post\" data-elementor-id=\"6494\" class=\"elementor elementor-6494\">\n\t\t\t\t\t\t<section class=\"elementor-section elementor-top-section elementor-element elementor-element-c8f43ac elementor-section-boxed elementor-section-height-default elementor-section-height-default\" data-id=\"c8f43ac\" data-element_type=\"section\">\n\t\t\t\t\t\t<div class=\"elementor-container elementor-column-gap-default\">\n\t\t\t\t\t<div class=\"elementor-column elementor-col-100 elementor-top-column elementor-element elementor-element-b57f167\" data-id=\"b57f167\" data-element_type=\"column\">\n\t\t\t<div class=\"elementor-widget-wrap elementor-element-populated\">\n\t\t\t\t\t\t<div class=\"elementor-element elementor-element-4432eab elementor-widget elementor-widget-text-editor\" data-id=\"4432eab\" data-element_type=\"widget\" data-widget_type=\"text-editor.default\">\n\t\t\t\t<div class=\"elementor-widget-container\">\n\t\t\t\t\t\t\t<p>Say\u0131n M\u00fc\u015fterilerimiz,<\/p>\n<p>6666 say\u0131l\u0131 Yabanc\u0131lar\u0131n \u0130kametine \u0130li\u015fkin Kanunda yap\u0131lan de\u011fi\u015fiklik onay\u0131na ili\u015fkin bilgileri sizlerle bulu\u015fturuyoruz. 404\/2011 Coll. Slovak Cumhuriyeti H\u00fck\u00fcmeti, 06\/09\/2023 tarihinde, S\u0131n\u0131r Ofisi ve Yabanc\u0131 Polis B\u00fcrosu&#039;nun g\u00f6revlendirilmeyece\u011fi, esas olarak ki\u015filerin Slovak Cumhuriyeti topraklar\u0131 \u00fczerinden yasa d\u0131\u015f\u0131 g\u00f6\u00e7\u00fcyle ilgili olan \u00f6nemli bir de\u011fi\u015fikli\u011fi onaylad\u0131. yabanc\u0131lar\u0131n idari olarak s\u0131n\u0131r d\u0131\u015f\u0131 edilmesi konusunda resmi idari i\u015flemleri ba\u015flatmakla y\u00fck\u00fcml\u00fcd\u00fcr. Yani genel olarak bu de\u011fi\u015fiklik, g\u00f6\u00e7menlerin idari olarak s\u0131n\u0131r d\u0131\u015f\u0131 edilmesine ili\u015fkin s\u00fcre\u00e7lerin \u00f6nemli \u00f6l\u00e7\u00fcde h\u0131zland\u0131r\u0131lmas\u0131 ve ayn\u0131 zamanda yasad\u0131\u015f\u0131 g\u00f6\u00e7le m\u00fccadele biriminin ve ofisinin i\u015flerinin hafifletilmesi anlam\u0131na gelecektir.<\/p>\n<p>Yaz\u0131n\u0131n devam\u0131nda yer alan a\u00e7\u0131klama ve a\u00e7\u0131klay\u0131c\u0131 rapordan daha fazla bilgi veriyoruz. Ayn\u0131 zamanda h\u00fck\u00fcmet, k\u0131salt\u0131lm\u0131\u015f bir yasama prosed\u00fcr\u00fcn\u00fc onaylad\u0131; bu, s\u0131radan ki\u015filer i\u00e7in bu yasada yap\u0131lan de\u011fi\u015fikli\u011fin ge\u00e7erlili\u011finin ve etkilili\u011finin h\u0131zland\u0131r\u0131lm\u0131\u015f bir \u015fekilde uygulamaya konulmas\u0131 anlam\u0131na geliyor. Orijinal belgeler makalenin sonunda indirilebilir.&nbsp;<\/p>\n<p><strong>\u00d6zellikle yasal g\u00f6\u00e7 durumlar\u0131nda olmak \u00fczere yasada yap\u0131lan di\u011fer de\u011fi\u015fiklikler, bu yasa de\u011fi\u015ftirilerek uygulanmaz.<\/strong><\/p>\n<p>Slovak Cumhuriyeti topraklar\u0131nda yasad\u0131\u015f\u0131 g\u00f6\u00e7\u00fcn artmas\u0131 nedeniyle, yasad\u0131\u015f\u0131 g\u00f6\u00e7menlerin say\u0131s\u0131n\u0131n azalt\u0131lmas\u0131 ve bu ki\u015filerin idari olarak s\u0131n\u0131r d\u0131\u015f\u0131 edilme olas\u0131l\u0131\u011f\u0131n\u0131n derhal yeniden sa\u011flanmas\u0131 amac\u0131yla etkili \u00f6nlemlerin al\u0131nmas\u0131 \u00f6neriliyor. Slovak Cumhuriyeti topraklar\u0131nda yasad\u0131\u015f\u0131 g\u00f6\u00e7 s\u00fcrekli art\u0131yor ve Ocak 2023 ile Temmuz 2023 aras\u0131ndaki d\u00f6nemde Slovak Cumhuriyeti topraklar\u0131nda 17.529 yabanc\u0131 g\u00f6zalt\u0131na al\u0131nd\u0131; bu, 2022&#039;nin kar\u015f\u0131la\u015ft\u0131r\u0131labilir d\u00f6neminde g\u00f6zalt\u0131na al\u0131nan 15.611 yabanc\u0131n\u0131n art\u0131\u015f\u0131n\u0131 temsil ediyor. . Bu muazzam b\u00fcy\u00fcme e\u011filimi i\u00e7erisinde, Bat\u0131 Balkan rotas\u0131ndan yasa d\u0131\u015f\u0131 ikincil transit g\u00f6\u00e7 hakim olmaya devam ediyor ve burada 1.062,3 %&#039;lik bir art\u0131\u015f kaydediyoruz; bu da 16.934 tutuklu yabanc\u0131y\u0131 temsil ediyor.<\/p>\n<p>\u0130lk \u00f6nlem, polis te\u015fkilat\u0131n\u0131n baz\u0131 durumlarda, idari olarak s\u0131n\u0131r d\u0131\u015f\u0131 edilmesine engel oldu\u011fu i\u00e7in s\u0131n\u0131r d\u0131\u015f\u0131 edilemeyen \u00fc\u00e7\u00fcnc\u00fc bir \u00fclke vatanda\u015f\u0131na, kald\u0131\u011f\u0131na dair bir onay belgesi vermekle y\u00fck\u00fcml\u00fc oldu\u011fu h\u00fckm\u00fcn de\u011fi\u015ftirilmesidir. Balkan rotas\u0131 boyunca seyahat eden yasad\u0131\u015f\u0131 g\u00f6\u00e7menler i\u00e7in bir &quot;\u00e7ekici fakt\u00f6r&quot; g\u00f6revi g\u00f6ren Slovakya topraklar\u0131nda. Yeni mevzuat, bunun verilmesi olas\u0131l\u0131\u011f\u0131n\u0131 \u00f6nermektedir ve b\u00f6yle bir belge art\u0131k her yabanc\u0131ya, \u00f6zellikle de yaln\u0131zca Slovak Cumhuriyeti topraklar\u0131ndan ba\u015fka bir devlete g\u00f6\u00e7 eden yabanc\u0131ya verilmeyecektir. Bu, Slovak Cumhuriyeti&#039;ni g\u00f6\u00e7 a\u00e7\u0131s\u0131ndan daha az \u00e7ekici hale getirecek ve bu da yasad\u0131\u015f\u0131 yabanc\u0131lar\u0131n say\u0131s\u0131n\u0131 azaltacakt\u0131r.<\/p>\n<p>Taslakta ayr\u0131ca, idari s\u0131n\u0131r d\u0131\u015f\u0131 etme konusunda resmi idari i\u015flemlerin ne zaman ba\u015flamayaca\u011f\u0131n\u0131 da belirliyor. Bunlar, \u00f6rne\u011fin idari s\u0131n\u0131r d\u0131\u015f\u0131 edilmenin \u00f6n\u00fcndeki engeller nedeniyle, idari s\u0131n\u0131r d\u0131\u015f\u0131 karar\u0131n\u0131n ger\u00e7ek\u00e7i bir \u015fekilde uygulanamad\u0131\u011f\u0131 durumlard\u0131r. Bu tedbir, idari i\u015flemlerin say\u0131s\u0131n\u0131 \u00f6nemli \u00f6l\u00e7\u00fcde azaltacak ve yasad\u0131\u015f\u0131 g\u00f6\u00e7le m\u00fccadele i\u00e7in kapasiteyi serbest b\u0131rakacakt\u0131r.<\/p>\n<p>COVID-19 hastal\u0131\u011f\u0131n\u0131n neden oldu\u011fu acil durumun ortaya \u00e7\u0131kmas\u0131n\u0131n ard\u0131ndan, Yabanc\u0131lar\u0131n \u0130kametine \u0130li\u015fkin Kanun&#039;da \u00a7 131i par. 9 Say\u0131l\u0131 Kanun&#039;un 404\/2011 Der. Yabanc\u0131lar\u0131n ikametine ve belirli kanunlar\u0131n tadil edildi\u011fi \u015fekliyle de\u011fi\u015ftirilmesine ve eklenmesine ili\u015fkin, ola\u011fan\u00fcst\u00fc hal s\u0131ras\u0131nda \u00fc\u00e7\u00fcnc\u00fc \u00fclke vatanda\u015flar\u0131n\u0131n topraklar\u0131m\u0131zdan idari olarak s\u0131n\u0131r d\u0131\u015f\u0131 edilmesine ili\u015fkin karar\u0131n uygulanmas\u0131n\u0131 erteler; veya Avrupa Birli\u011fi \u00fcye devletlerinin topraklar\u0131ndan. Ayn\u0131 zamanda \u00a7 90 par. 1&#039;e g\u00f6re bu gecikmenin g\u00f6zalt\u0131ndan sal\u0131verilme nedeni olmad\u0131\u011f\u0131n\u0131 da belirtmektedir. 2 harf b) Yabanc\u0131lar\u0131n \u0130kametine \u0130li\u015fkin Kanunun birinci maddesi.<\/p>\n<p>S\u00f6z konusu h\u00fckm\u00fcn, seyahat k\u0131s\u0131tlamalar\u0131 nedeniyle Yabanc\u0131lar\u0131n \u0130kametgah\u0131 Kanununa eklenmesi veya KOV\u0130D-9 salg\u0131n\u0131 s\u0131ras\u0131nda ki\u015filerin \u00fc\u00e7\u00fcnc\u00fc \u00fclkelere transferi (\u00e7o\u011funlukla hava ta\u015f\u0131mac\u0131l\u0131\u011f\u0131 yoluyla) ve geri d\u00f6n\u00fc\u015f \u00fclkelerine idari s\u0131n\u0131r d\u0131\u015f\u0131 etme karar\u0131n\u0131n uygulanmas\u0131n\u0131 imkans\u0131z hale getiren ilgili salg\u0131n kar\u015f\u0131t\u0131 \u00f6nlemler. Yabanc\u0131lar\u0131n \u0130kametine Dair Kanun&#039;a bu h\u00fck\u00fcm getirildi\u011finde ola\u011fan\u00fcst\u00fc durumun ne kadar s\u00fcrece\u011fini tahmin etmek m\u00fcmk\u00fcn de\u011fildi.<\/p>\n<p>Slovak Cumhuriyeti&#039;nde COVID-19 hastal\u0131\u011f\u0131yla ilgili acil durum bug\u00fcne kadar kald\u0131r\u0131lmad\u0131, ancak \u015fu anda pandemik durum olumludur 2 ve s\u0131n\u0131rs\u0131z seyahate izin vermektedir. Bu ayn\u0131 zamanda b\u00f6lgemize yabanc\u0131 ak\u0131n\u0131n\u0131n artmas\u0131na ve idari s\u0131n\u0131r d\u0131\u015f\u0131 edilmeye ili\u015fkin verilen ancak uygulanamayan kararlar\u0131n say\u0131s\u0131na da yol a\u00e7maktad\u0131r. Ayr\u0131ca bu nedenle, idari s\u0131n\u0131r d\u0131\u015f\u0131 etme karar\u0131n\u0131n infaz\u0131n\u0131n ertelenmesine devam edilmesi yersiz ve etkisiz oldu\u011fundan, tedbirlerden biri olarak s\u00f6z konusu h\u00fckm\u00fcn yabanc\u0131lar\u0131n ikametine ili\u015fkin kanundan \u00e7\u0131kar\u0131lmas\u0131 \u00f6nerilmi\u015ftir.<\/p>\n<p>Kanun tasar\u0131s\u0131nda kamu idaresinin b\u00fct\u00e7esi, i\u015f ortam\u0131, sosyal etkiler, \u00e7evre \u00fczerindeki etkiler, toplumun bilgisayarla\u015fmas\u0131 \u00fczerindeki etkiler, vatanda\u015flara y\u00f6nelik kamu y\u00f6netimi hizmetleri \u00fczerindeki etkiler veya evlilik, ebeveynlik \u00fczerindeki etkiler \u00f6ng\u00f6r\u00fclm\u00fcyor. ve aile.<\/p>\n<p>Kanun tasar\u0131s\u0131, Slovak Cumhuriyeti Anayasas\u0131, anayasal kanunlar ve Anayasa Mahkemesinin tespitleri, di\u011fer kanunlar, uluslararas\u0131 anla\u015fmalar ve Slovak Cumhuriyeti&#039;nin ba\u011fl\u0131 oldu\u011fu di\u011fer uluslararas\u0131 belgeler ve Avrupa Birli\u011fi hukuku ile uyumludur.<\/p>\n<p><strong>Kaynak:<\/strong> <a href=\"https:\/\/rokovania.gov.sk\/RVL\/Material\/28753\/1\" target=\"_blank\" rel=\"noopener\">https:\/\/rokovania.gov.sk\/RVL\/Material\/28753\/1 (g\u00fcvenli adres)<\/a><\/p>\t\t\t\t\t\t<\/div>\n\t\t\t\t<\/div>\n\t\t\t\t<div class=\"elementor-element elementor-element-32db86e elementor-tabs-view-horizontal elementor-widget elementor-widget-tabs\" data-id=\"32db86e\" data-element_type=\"widget\" data-widget_type=\"tabs.default\">\n\t\t\t\t<div class=\"elementor-widget-container\">\n\t\t\t\t\t<div class=\"elementor-tabs\">\n\t\t\t<div class=\"elementor-tabs-wrapper\" role=\"tablist\" >\n\t\t\t\t\t\t\t\t\t<div id=\"elementor-tab-title-5331\" class=\"elementor-tab-title elementor-tab-desktop-title\" aria-selected=\"true\" data-tab=\"1\" role=\"tab\" tabindex=\"0\" aria-controls=\"elementor-tab-content-5331\" aria-expanded=\"false\">\u0130ndirmek i\u00e7in<\/div>\n\t\t\t\t\t\t\t<\/div>\n\t\t\t<div class=\"elementor-tabs-content-wrapper\" role=\"tablist\" aria-orientation=\"vertical\">\n\t\t\t\t\t\t\t\t\t<div class=\"elementor-tab-title elementor-tab-mobile-title\" aria-selected=\"true\" data-tab=\"1\" role=\"tab\" tabindex=\"0\" aria-controls=\"elementor-tab-content-5331\" aria-expanded=\"false\">\u0130ndirmek i\u00e7in<\/div>\n\t\t\t\t\t<div id=\"elementor-tab-content-5331\" class=\"elementor-tab-content elementor-clearfix\" data-tab=\"1\" role=\"tabpanel\" aria-labelledby=\"elementor-tab-title-5331\" tabindex=\"0\" hidden=\"false\"><p><a href=\"https:\/\/vizum.sk\/wp-content\/uploads\/2023\/09\/dovodova_A.pdf\" target=\"_blank\" rel=\"noopener\">A\u00e7\u0131klay\u0131c\u0131 rapor b\u00f6l\u00fcm A. (366 kB)<\/a><\/p><p><a href=\"https:\/\/vizum.sk\/wp-content\/uploads\/2023\/09\/uznesenie.docx\" target=\"_blank\" rel=\"noopener\">\u00c7\u00f6z\u00fcn\u00fcrl\u00fck (26 kB)<\/a><\/p><p><a href=\"https:\/\/vizum.sk\/wp-content\/uploads\/2023\/09\/predkladacia.pdf\" target=\"_blank\" rel=\"noopener\">Sunum raporu (178 kB)<\/a><\/p><p><a href=\"https:\/\/vizum.sk\/wp-content\/uploads\/2023\/09\/dovodova_B.pdf\" target=\"_blank\" rel=\"noopener\">A\u00e7\u0131klay\u0131c\u0131 rapor b\u00f6l\u00fcm B. (191 kB)<\/a><\/p><\/div>\n\t\t\t\t\t\t\t<\/div>\n\t\t<\/div>\n\t\t\t\t<\/div>\n\t\t\t\t<\/div>\n\t\t\t\t\t<\/div>\n\t\t<\/div>\n\t\t\t\t\t<\/div>\n\t\t<\/section>\n\t\t\t\t<\/div>","protected":false},"excerpt":{"rendered":"<p>De\u011ferli m\u00fcvekkillerimiz, 404\/2011 Coll. say\u0131l\u0131 Yabanc\u0131lar\u0131n \u0130kametine \u0130li\u015fkin Kanun'da yap\u0131lan de\u011fi\u015fikli\u011fin onaylanmas\u0131na ili\u015fkin bilgileri sizlerle payla\u015f\u0131yoruz. 06.09.2023 tarihinde Slovak Cumhuriyeti H\u00fck\u00fcmeti, S\u0131n\u0131r ve Yabanc\u0131lar Polisi Ofisi'nin art\u0131k yabanc\u0131lar\u0131n idari olarak s\u0131n\u0131r d\u0131\u015f\u0131 edilmesi konusunda resmi idari i\u015flem ba\u015flatmak zorunda olmayaca\u011f\u0131, esas olarak ki\u015filerin Slovak Cumhuriyeti topraklar\u0131 \u00fczerinden yasad\u0131\u015f\u0131 g\u00f6\u00e7\u00fcyle ilgili \u00f6nemli bir de\u011fi\u015fikli\u011fi onaylad\u0131. Dolay\u0131s\u0131yla, genel olarak, bu de\u011fi\u015fiklik [...]<\/p>","protected":false},"author":1,"featured_media":8328,"comment_status":"open","ping_status":"open","sticky":false,"template":"","format":"standard","meta":{"footnotes":"","iawp_total_views":185},"categories":[46,70],"tags":[],"acf":[],"_links":{"self":[{"href":"https:\/\/vizum.sk\/tr\/wp-json\/wp\/v2\/posts\/6494"}],"collection":[{"href":"https:\/\/vizum.sk\/tr\/wp-json\/wp\/v2\/posts"}],"about":[{"href":"https:\/\/vizum.sk\/tr\/wp-json\/wp\/v2\/types\/post"}],"author":[{"embeddable":true,"href":"https:\/\/vizum.sk\/tr\/wp-json\/wp\/v2\/users\/1"}],"replies":[{"embeddable":true,"href":"https:\/\/vizum.sk\/tr\/wp-json\/wp\/v2\/comments?post=6494"}],"version-history":[{"count":0,"href":"https:\/\/vizum.sk\/tr\/wp-json\/wp\/v2\/posts\/6494\/revisions"}],"wp:featuredmedia":[{"embeddable":true,"href":"https:\/\/vizum.sk\/tr\/wp-json\/wp\/v2\/media\/8328"}],"wp:attachment":[{"href":"https:\/\/vizum.sk\/tr\/wp-json\/wp\/v2\/media?parent=6494"}],"wp:term":[{"taxonomy":"category","embeddable":true,"href":"https:\/\/vizum.sk\/tr\/wp-json\/wp\/v2\/categories?post=6494"},{"taxonomy":"post_tag","embeddable":true,"href":"https:\/\/vizum.sk\/tr\/wp-json\/wp\/v2\/tags?post=6494"}],"curies":[{"name":"wp","href":"https:\/\/api.w.org\/{rel}","templated":true}]}}