{"id":6545,"date":"2023-09-08T11:15:18","date_gmt":"2023-09-08T09:15:18","guid":{"rendered":"https:\/\/vizum.sk\/?p=6545"},"modified":"2023-10-06T13:54:15","modified_gmt":"2023-10-06T11:54:15","slug":"uzatvorenie-strankovych-pracovisk-ocp-pz","status":"publish","type":"post","link":"https:\/\/vizum.sk\/tr\/kapatma-parti-isyerleri-ocp-pz\/","title":{"rendered":"OCP PZ sahalar\u0131n\u0131n kapat\u0131lmas\u0131"},"content":{"rendered":"<div data-elementor-type=\"wp-post\" data-elementor-id=\"6545\" class=\"elementor elementor-6545\">\n\t\t\t\t\t\t<section class=\"elementor-section elementor-top-section elementor-element elementor-element-356a210 elementor-section-boxed elementor-section-height-default elementor-section-height-default\" data-id=\"356a210\" data-element_type=\"section\">\n\t\t\t\t\t\t<div class=\"elementor-container elementor-column-gap-default\">\n\t\t\t\t\t<div class=\"elementor-column elementor-col-100 elementor-top-column elementor-element elementor-element-957c5c0\" data-id=\"957c5c0\" data-element_type=\"column\">\n\t\t\t<div class=\"elementor-widget-wrap elementor-element-populated\">\n\t\t\t\t\t\t<div class=\"elementor-element elementor-element-7fd9330 elementor-widget elementor-widget-text-editor\" data-id=\"7fd9330\" data-element_type=\"widget\" data-widget_type=\"text-editor.default\">\n\t\t\t\t<div class=\"elementor-widget-container\">\n\t\t\t\t\t\t\t<p>Say\u0131n M\u00fc\u015fterilerimiz,\u00a0<br \/>Yabanc\u0131lar Polis Departman\u0131n\u0131n kapat\u0131lmas\u0131yla ilgili mevcut durum hakk\u0131nda g\u00fcncel bir makaleyi sizlerle payla\u015f\u0131yoruz. En son bilgiler i\u00e7in bu makaleyi d\u00fczenli olarak takip edin.<\/p><p><span style=\"text-decoration: underline;\"><strong>06.10.2023 tarihinde g\u00fcncellenmi\u015ftir:<\/strong><\/span><\/p><p><strong>Polis Ba\u015fkanl\u0131\u011f\u0131na ba\u011fl\u0131 S\u0131n\u0131r ve Yabanc\u0131lar Polisi Dairesi, Polis Ba\u015fkanl\u0131\u011f\u0131na ba\u011fl\u0131 Yabanc\u0131lar Polisi Dairelerinin t\u00fcm saha i\u015fyerlerinin faaliyet k\u0131s\u0131tlamas\u0131n\u0131 15 Ekim 2023 tarihine kadar uzatt\u0131.\u00a0<\/strong><strong>Bu durum, Slovak Cumhuriyeti topraklar\u0131nda yasad\u0131\u015f\u0131 g\u00f6\u00e7\u00fcn artmas\u0131 ve Macaristan ile s\u0131n\u0131r kontrollerinin yeniden ba\u015flamas\u0131yla ilgili zorluklar\u0131n \u00fcstesinden gelme ihtiyac\u0131n\u0131n devam etmesinden kaynaklanmaktad\u0131r.<\/strong><\/p><p>Tesislerin faaliyetlerine devam edip etmeyece\u011fine ili\u015fkin bir de\u011ferlendirme polis taraf\u0131ndan bir hafta i\u00e7inde a\u00e7\u0131klanacak.<\/p><p><br \/><strong>Ancak, a\u015fa\u011f\u0131daki yabanc\u0131 gruplar\u0131 OCP PZ'de i\u015flem g\u00f6rmeye devam edecektir:<\/strong><\/p><ol><li>Ortaokul veya \u00fcniversitenin ilk y\u0131l\u0131na giren ve rezervasyon sistemi \u00fczerinden halihaz\u0131rda rezervasyon yapt\u0131rm\u0131\u015f olan \u00f6\u011frenciler,<\/li><li>Rezervasyon sistemi arac\u0131l\u0131\u011f\u0131yla halihaz\u0131rda rezervasyonu yap\u0131lm\u0131\u015f olan Slovak Cumhuriyeti menfaatine ulusal vize ba\u015fvuru sahipleri,<\/li><li>Slovak Cumhuriyeti topraklar\u0131nda istihdam amac\u0131yla ge\u00e7ici ikamet i\u00e7in ba\u015fvuranlar\u0131n rezervasyon sistemi arac\u0131l\u0131\u011f\u0131yla rezervasyon yapt\u0131rmalar\u0131,<\/li><li>Slovak Cumhuriyeti'nde ge\u00e7ici s\u0131\u011f\u0131nma ba\u015fvurusunda bulunanlar.<\/li><\/ol><p class=\"Default\">Di\u011fer ba\u015fvuru sahipleri de kabul edilebilir,\u00a0<strong>rezervasyon sistemi arac\u0131l\u0131\u011f\u0131yla halihaz\u0131rda rezerve edilmi\u015flerse ve PZ Ba\u015fkanl\u0131\u011f\u0131'n\u0131n ilgili S\u0131n\u0131r ve Yabanc\u0131lar Polis M\u00fcd\u00fcrl\u00fc\u011f\u00fc'ne muafiyet ba\u015fvurusunda bulunurlarsa<\/strong>\u00a0ekipman i\u00e7in ve\u00a0<strong>bunu yapmak i\u00e7in nesnel nedenlere sahip olmal\u0131d\u0131r.<\/strong>\u00a0\u00d6rne\u011fin, a\u015fa\u011f\u0131daki ki\u015fi kategorileri s\u00f6z konusu olabilir:<\/p><ul><li class=\"Default\">Yeni bir oturma iznine ihtiya\u00e7 duyan yabanc\u0131 uyruklular,<\/li><li class=\"Default\">D vizeleri, Slovak Cumhuriyeti'nde ikamet ba\u015fvurular\u0131yla ba\u011flant\u0131l\u0131 olarak durak k\u0131s\u0131tlamalar\u0131 s\u0131ras\u0131nda sona eren yabanc\u0131lar,<\/li><li class=\"Default\">h\u00fck\u00fcmlerine dayanarak Slovak Cumhuriyeti topraklar\u0131nda yasal olarak ikamet eden ki\u015filer\u00a0<em>Yabanc\u0131lar\u0131n \u0130kametine \u0130li\u015fkin Kanun \u00a7 131j(2)<\/em>\u00a0COVID-19'un neden oldu\u011fu kriz durumuyla ilgili olarak, 15 Ekim 2023 tarihine kadar rezervasyon yapt\u0131rm\u0131\u015f olup, konaklama i\u00e7in ba\u015fvuruda bulunmalar\u0131 gerekmektedir,<\/li><li class=\"Default\">halihaz\u0131rda muafiyet alm\u0131\u015f olan ki\u015filere aile birle\u015fimi vakalar\u0131,<\/li><li class=\"Default\">Bunu yapmak i\u00e7in nesnel nedenlerin oldu\u011fu di\u011fer durumlar.<\/li><\/ul><p>\u00a0<\/p><p><span style=\"text-decoration: underline;\"><strong>28.09.2023 tarihinde g\u00fcncellenmi\u015ftir:<\/strong><\/span><\/p><p><strong>Polis Te\u015fkilat\u0131 Ba\u015fkanl\u0131\u011f\u0131 S\u0131n\u0131r ve Yabanc\u0131lar Polisi Ofisi, Slovak Cumhuriyeti topraklar\u0131nda yasad\u0131\u015f\u0131 g\u00f6\u00e7\u00fcn muazzam art\u0131\u015f\u0131yla ilgili g\u00f6revleri yerine getirme ihtiyac\u0131n\u0131n devam etmesi nedeniyle Polis Te\u015fkilat\u0131n\u0131n Yabanc\u0131lar Polisi Departmanlar\u0131n\u0131n t\u00fcm tesislerinin \u00e7al\u0131\u015fma k\u0131s\u0131tlamas\u0131n\u0131 8 Ekim 2023 tarihine kadar uzatt\u0131.<\/strong><\/p><p>Ancak, a\u015fa\u011f\u0131daki yabanc\u0131 gruplar\u0131 OCP PZ'de i\u015flem g\u00f6rmeye devam edecektir:<\/p><ol><li>Ortaokul veya \u00fcniversitenin ilk y\u0131l\u0131na giren ve rezervasyon sistemi \u00fczerinden rezervasyon yapt\u0131rm\u0131\u015f olan \u00f6\u011frenciler,<\/li><li>Rezervasyon sistemi arac\u0131l\u0131\u011f\u0131yla halihaz\u0131rda rezervasyonu yap\u0131lm\u0131\u015f olan Slovak Cumhuriyeti menfaatine ulusal vize ba\u015fvuru sahipleri,<\/li><li>Slovak Cumhuriyeti'nde ge\u00e7ici s\u0131\u011f\u0131nma ba\u015fvurusunda bulunanlar.<\/li><\/ol><p>A\u015fa\u011f\u0131daki ki\u015fi kategorileri, Polis Te\u015fkilat\u0131 Ba\u015fkanl\u0131\u011f\u0131na ba\u011fl\u0131 S\u0131n\u0131r ve Yabanc\u0131lar Polisi B\u00fcrosu taraf\u0131ndan ele al\u0131nmaya devam edecektir\u00a0<strong>ba\u015fka bir kategoriye g\u00f6re geni\u015fler,<\/strong>\u00a0hakk\u0131nda:<\/p><p>&#8211;<strong>\u00a0Slovak Cumhuriyeti topraklar\u0131nda istihdam amac\u0131yla ge\u00e7ici ikamet i\u00e7in ba\u015fvuranlar<\/strong><strong>\u00a0ve rezervasyon sistemi arac\u0131l\u0131\u011f\u0131yla zaten rezerve edilmi\u015ftir<\/strong>.<\/p><p>Polis Te\u015fkilat\u0131 Ba\u015fkanl\u0131\u011f\u0131 S\u0131n\u0131r ve Yabanc\u0131lar Polisi Ofisi\u00a0<strong>h\u00fckm\u00fcne dikkat \u00e7ekmektedir\u00a0<\/strong><strong>Yabanc\u0131lar\u0131n \u0130kametine \u0130li\u015fkin Kanun \u00a7 131k (1)<\/strong>\u00a0\"kal\u0131\u015f s\u00fcresinin ge\u00e7erlili\u011fi, Ukrayna topraklar\u0131ndaki silahl\u0131 \u00e7at\u0131\u015fman\u0131n neden oldu\u011fu yabanc\u0131lar\u0131n Slovak Cumhuriyeti topraklar\u0131na kitlesel ak\u0131n\u0131 ile ba\u011flant\u0131l\u0131 olarak acil durumun ortadan kalkmas\u0131ndan itibaren iki ay\u0131n dolmas\u0131na kadar otomatik olarak uzat\u0131l\u0131r\".  Bu h\u00fck\u00fcmle ba\u011flant\u0131l\u0131 olarak, yabanc\u0131lardan Slovak Cumhuriyeti topraklar\u0131nda ge\u00e7ici ikametlerini yenilemek i\u00e7in ba\u015fvurmadan \u00f6nce beklemelerini istiyoruz. Ayn\u0131 zamanda, yabanc\u0131lardan bu durum kar\u015f\u0131s\u0131nda sab\u0131rl\u0131 olmalar\u0131n\u0131 ve ger\u00e7ekten gerekli olmad\u0131k\u00e7a muafiyet talepleriyle Polis Te\u015fkilat\u0131 Ba\u015fkanl\u0131\u011f\u0131 S\u0131n\u0131r ve Yabanc\u0131lar Polis M\u00fcd\u00fcrl\u00fcklerini me\u015fgul etmemelerini rica ediyoruz.<\/p><p>\u00d6zellikle dikkatinizi \u00e7ekmek isteriz ki, Emniyet Te\u015fkilat\u0131 Yabanc\u0131lar \u015eube M\u00fcd\u00fcrl\u00fc\u011f\u00fc'ndeki in\u015faat \u00e7al\u0131\u015fmalar\u0131 nedeniyle\u00a0<strong>Ruzomberok<\/strong>\u00a0bu b\u00f6l\u00fcm 2-4 Ekim 2023 tarihlerinde a\u00e7\u0131lacakt\u0131r\u00a0<strong>tamamen kapal\u0131<\/strong>. \u0130\u015flem i\u00e7in istisnalar\u0131n ge\u00e7erli oldu\u011fu ve bu g\u00fcnlerde randevu alan ki\u015fi gruplar\u0131 yaln\u0131zca 5-6 Ekim 2023 tarihlerinde i\u015fleme tabi tutulacakt\u0131r ve Bansk\u00e1 bystrica Polis Te\u015fkilat\u0131 Ba\u015fkanl\u0131\u011f\u0131 S\u0131n\u0131r ve Yabanc\u0131lar Polisi M\u00fcd\u00fcrl\u00fc\u011f\u00fc ile e-posta yoluyla ileti\u015fime ge\u00e7ilmesi gerekmektedir (<a class=\"\" href=\"mailto:rcpbb@minv.sk\">rcpbb@minv.sk<\/a>) alternatif bir tarih i\u00e7in.<\/p><p><span style=\"text-decoration: underline;\"><strong>Orijinal Rapor:<\/strong><\/span><\/p><p><strong>11-30 Eyl\u00fcl 2023 tarihleri aras\u0131nda, Polis Te\u015fkilat\u0131 Ba\u015fkanl\u0131\u011f\u0131 S\u0131n\u0131r ve Yabanc\u0131lar Polisi Ofisi, Slovak Cumhuriyeti topraklar\u0131nda yasad\u0131\u015f\u0131 g\u00f6\u00e7\u00fcn muazzam art\u0131\u015f\u0131yla ilgili g\u00f6revleri yerine getirme zorunlulu\u011fu nedeniyle Polis Te\u015fkilat\u0131 Yabanc\u0131lar Polisinin t\u00fcm b\u00f6l\u00fcmlerinin i\u015fyerlerini kapatacakt\u0131r.<\/strong><\/p><p>Bununla birlikte, yukar\u0131dakilerle ba\u011flant\u0131l\u0131 olarak, OCP PZ a\u015fa\u011f\u0131dakilerle ilgilenmeye devam edecektir\u00a0<strong>a\u015fa\u011f\u0131daki yabanc\u0131 gruplar\u0131:<\/strong><\/p><ul><li>Ortaokul veya \u00fcniversitenin ilk y\u0131l\u0131na giren ve rezervasyon sistemi \u00fczerinden rezervasyon yapt\u0131rm\u0131\u015f olan \u00f6\u011frenciler,<\/li><li>Rezervasyon sistemi arac\u0131l\u0131\u011f\u0131yla halihaz\u0131rda rezervasyonu yap\u0131lm\u0131\u015f olan Slovak Cumhuriyeti menfaatine ulusal vize ba\u015fvuru sahipleri,<\/li><li>Slovak Cumhuriyeti topraklar\u0131nda ge\u00e7ici s\u0131\u011f\u0131nma ba\u015fvurusunda bulunanlar.<\/li><\/ul><p>Halihaz\u0131rda rezervasyon sistemi \u00fczerinden rezervasyon yapt\u0131rm\u0131\u015f olan ve oturma izni veya yeni bir oturma izni ba\u015fvurusunda bulunmas\u0131n\u0131 gerektirecek \u00f6zel nedenler bulunan di\u011fer t\u00fcm yabanc\u0131lar, ilgili S\u0131n\u0131r ve G\u00f6\u00e7menlik Polis M\u00fcd\u00fcrl\u00fc\u011f\u00fcne e-posta yoluyla ba\u015fvurarak\u00a0<strong>muafiyet tan\u0131nmas\u0131<\/strong>\u00a0ba\u015fvurunun sunulmas\u0131 i\u00e7in. Aksi takdirde, yeni randevular i\u00e7in online rezervasyon sistemi \u00fczerinden yeniden rezervasyon yapmalar\u0131 gerekecektir. Orijinal tarihlerin ayr\u0131ca iptal edilmesine gerek yoktur, bu i\u015flem otomatik olarak yap\u0131lacakt\u0131r.<\/p><p><strong>Uyar\u0131<\/strong><\/p><p>M\u00fcmk\u00fcn\u00a0<strong>kal\u0131\u015f s\u00fcresinin sona ermesi<\/strong>\u00a0PZ Yabanc\u0131 Polis departmanlar\u0131n\u0131n planlanan kapan\u0131\u015f\u0131 s\u0131ras\u0131nda\u00a0<strong>endi\u015fe edilecek bir durum de\u011fildir<\/strong>\u00e7\u00fcnk\u00fc h\u00fckme g\u00f6re<em>\u00a0Yabanc\u0131lar\u0131n \u0130kametine \u0130li\u015fkin Kanun \u00a7 131k (1)\u00a0<\/em>kal\u0131\u015f s\u00fcresinin ge\u00e7erlili\u011fi, Ukrayna topraklar\u0131ndaki silahl\u0131 \u00e7at\u0131\u015fman\u0131n neden oldu\u011fu yabanc\u0131lar\u0131n Slovak Cumhuriyeti topraklar\u0131na kitlesel ak\u0131n\u0131yla ba\u011flant\u0131l\u0131 acil durumun ortadan kalkmas\u0131n\u0131n ard\u0131ndan iki ay\u0131n sona ermesine kadar otomatik olarak uzat\u0131l\u0131r.\u00a0\u00a0<\/p><p>E\u011fer 30 Eyl\u00fcl 2023 tarihinden sonra d\u00fczensiz g\u00f6\u00e7te bir azalma olmazsa, daha ileri tedbirler konusunda kamuoyunu zaman\u0131nda bilgilendirece\u011fiz.<\/p><p><strong>Raporu g\u00fcncel tutaca\u011f\u0131z.<\/strong><\/p><p>Kaynak : https:\/\/www.minv.sk\/?tlacove-spravy-2&amp;sprava=strankove-pracoviska-cudzineckej-policie-od-11-do-30-septembra-budu-poskytovat-sluzby-v-obmedzenom-rezime<\/p>\t\t\t\t\t\t<\/div>\n\t\t\t\t<\/div>\n\t\t\t\t\t<\/div>\n\t\t<\/div>\n\t\t\t\t\t<\/div>\n\t\t<\/section>\n\t\t\t\t<\/div>","protected":false},"excerpt":{"rendered":"<p>De\u011ferli m\u00fc\u015fterilerimiz, Yabanc\u0131 Polis Departman\u0131n\u0131n kapat\u0131lmas\u0131yla ilgili mevcut durum hakk\u0131nda g\u00fcncel bir makale sunuyoruz. En son bilgiler i\u00e7in bu makaleyi d\u00fczenli olarak kontrol edin. 06.10.2023 tarihinde g\u00fcncellendi: Polis Te\u015fkilat\u0131 Ba\u015fkanl\u0131\u011f\u0131 S\u0131n\u0131r ve Yabanc\u0131lar Polisi Ofisi, Polis Te\u015fkilat\u0131n\u0131n Yabanc\u0131lar Polisi Departmanlar\u0131n\u0131n t\u00fcm b\u00f6lgelerinin \u00e7al\u0131\u015fma k\u0131s\u0131tlamas\u0131n\u0131 15 Ekim 2023 tarihine kadar uzat\u0131yor. Bunun nedeni, yasad\u0131\u015f\u0131 g\u00f6\u00e7teki art\u0131\u015fla ilgili g\u00f6revleri yerine getirme ihtiyac\u0131n\u0131n devam etmesi [...]<\/p>","protected":false},"author":1,"featured_media":6847,"comment_status":"open","ping_status":"open","sticky":false,"template":"","format":"standard","meta":{"footnotes":"","iawp_total_views":146},"categories":[70,52],"tags":[],"acf":[],"_links":{"self":[{"href":"https:\/\/vizum.sk\/tr\/wp-json\/wp\/v2\/posts\/6545"}],"collection":[{"href":"https:\/\/vizum.sk\/tr\/wp-json\/wp\/v2\/posts"}],"about":[{"href":"https:\/\/vizum.sk\/tr\/wp-json\/wp\/v2\/types\/post"}],"author":[{"embeddable":true,"href":"https:\/\/vizum.sk\/tr\/wp-json\/wp\/v2\/users\/1"}],"replies":[{"embeddable":true,"href":"https:\/\/vizum.sk\/tr\/wp-json\/wp\/v2\/comments?post=6545"}],"version-history":[{"count":0,"href":"https:\/\/vizum.sk\/tr\/wp-json\/wp\/v2\/posts\/6545\/revisions"}],"wp:featuredmedia":[{"embeddable":true,"href":"https:\/\/vizum.sk\/tr\/wp-json\/wp\/v2\/media\/6847"}],"wp:attachment":[{"href":"https:\/\/vizum.sk\/tr\/wp-json\/wp\/v2\/media?parent=6545"}],"wp:term":[{"taxonomy":"category","embeddable":true,"href":"https:\/\/vizum.sk\/tr\/wp-json\/wp\/v2\/categories?post=6545"},{"taxonomy":"post_tag","embeddable":true,"href":"https:\/\/vizum.sk\/tr\/wp-json\/wp\/v2\/tags?post=6545"}],"curies":[{"name":"wp","href":"https:\/\/api.w.org\/{rel}","templated":true}]}}