{"id":6666,"date":"2023-09-13T16:55:24","date_gmt":"2023-09-13T14:55:24","guid":{"rendered":"https:\/\/vizum.sk\/?p=6666"},"modified":"2023-09-13T18:03:51","modified_gmt":"2023-09-13T16:03:51","slug":"zrusenie-mimoriadnej-situacie-covid-19","status":"publish","type":"post","link":"https:\/\/vizum.sk\/tr\/iptal-acil-durum-covid-19\/","title":{"rendered":"Acil durum COVID-19'un iptali"},"content":{"rendered":"<div data-elementor-type=\"wp-post\" data-elementor-id=\"6666\" class=\"elementor elementor-6666\">\n\t\t\t\t\t\t<section class=\"elementor-section elementor-top-section elementor-element elementor-element-fabd455 elementor-section-boxed elementor-section-height-default elementor-section-height-default\" data-id=\"fabd455\" data-element_type=\"section\">\n\t\t\t\t\t\t<div class=\"elementor-container elementor-column-gap-default\">\n\t\t\t\t\t<div class=\"elementor-column elementor-col-100 elementor-top-column elementor-element elementor-element-3033858\" data-id=\"3033858\" data-element_type=\"column\">\n\t\t\t<div class=\"elementor-widget-wrap elementor-element-populated\">\n\t\t\t\t\t\t<div class=\"elementor-element elementor-element-585c2a7 elementor-widget elementor-widget-text-editor\" data-id=\"585c2a7\" data-element_type=\"widget\" data-widget_type=\"text-editor.default\">\n\t\t\t\t<div class=\"elementor-widget-container\">\n\t\t\t\t\t\t\t<p>Say\u0131n M\u00fc\u015fterilerimiz,<\/p>\n<p>Slovak Cumhuriyeti H\u00fck\u00fcmet Ofisi, 11 Eyl\u00fcl 2023 <strong>COV\u0130D-19 hastal\u0131\u011f\u0131n\u0131n yay\u0131lmas\u0131n\u0131n neden oldu\u011fu acil durumun iptalini onaylad\u0131<\/strong>, g\u00fcn ge\u00e7tik\u00e7e biten <strong>15\/09\/2023 saat 6:00<\/strong>. Bu ger\u00e7e\u011fe dayanarak, Yabanc\u0131lar\u0131n \u0130kametine \u0130li\u015fkin Kanun&#039;un 404\/2011 say\u0131l\u0131 \u00a7131i Say\u0131l\u0131 ge\u00e7ici h\u00fckm\u00fcn\u00fcn ge\u00e7erlili\u011fi sona erecektir. Ancak \u015fu anda, Ukrayna&#039;daki silahl\u0131 \u00e7at\u0131\u015fmayla ba\u011flant\u0131l\u0131 yabanc\u0131lar\u0131n ikametine ili\u015fkin Kanunun 404\/2011 say\u0131l\u0131 \u00a7131k say\u0131l\u0131 ge\u00e7ici h\u00fckm\u00fc y\u00fcr\u00fcrl\u00fckte kalmaya devam etmektedir.&nbsp;<\/p>\n<p><strong>Yukar\u0131da belirtilen acil durumun sona ermesine dayanarak, yabanc\u0131 polisin, sava\u015f\u0131n halihaz\u0131rda devam etti\u011fi Suriye d\u0131\u015f\u0131ndaki \u00fclkelerden gelen \u00e7ok say\u0131da yasad\u0131\u015f\u0131 g\u00f6\u00e7menle ilgili durumla ba\u015fa \u00e7\u0131kma alan\u0131 olacak.<\/strong><\/p>\n<p>Ba\u015fbakan Od\u00f3r, A\u011fustos ay\u0131nda, COVID-19 ile ba\u011flant\u0131l\u0131 acil durumu iptal etme \u00e7abas\u0131 oldu\u011funu zaten a\u00e7\u0131klam\u0131\u015ft\u0131. Ancak koronavir\u00fcse ili\u015fkin baz\u0131 \u00f6nlemlerin ola\u011fan\u00fcst\u00fc hal ile ba\u011flant\u0131s\u0131n\u0131n ele al\u0131nmas\u0131 veya ba\u015fka bir ola\u011fan\u00fcst\u00fc duruma ta\u015f\u0131nmas\u0131 gerekti\u011fine dikkat \u00e7ekti. 11 Eyl\u00fcl Pazartesi g\u00fcn\u00fc vatanda\u015flara yard\u0131m ama\u00e7l\u0131 tedbirlerin iptal edilmedi\u011fini a\u00e7\u0131klad\u0131.<\/p>\n<p>Etkilenen yasan\u0131n mevcut metnini a\u015fa\u011f\u0131ya ekliyoruz. Ancak kanunun baz\u0131 ola\u011fan\u00fcst\u00fc h\u00fck\u00fcmlerinin ayn\u0131 anda de\u011fi\u015ftirilip ta\u015f\u0131naca\u011f\u0131n\u0131, b\u00f6ylece ikamet yenileme ba\u015fvurusu ve benzeri s\u00fcrelerin uzat\u0131lmas\u0131n\u0131n ge\u00e7erlili\u011finin korunaca\u011f\u0131n\u0131 varsay\u0131yoruz. Kanundaki spesifik de\u011fi\u015fiklikler hakk\u0131nda sizi zaman\u0131nda bilgilendirece\u011fiz.<\/p>\n<table class=\"FragsTb\">\n<tbody class=\"Frags\">\n<tr class=\"GO\" data-f=\"3802550\">\n<td class=\"dc L3\">\n<p class=\"PARA\">\u00a7 131i<\/p>\n<\/td>\n<\/tr>\n<tr data-f=\"3802551\">\n<th>&nbsp;<\/th>\n<td class=\"dc L4\">\n<p><s><a id=\"f5154419\"><\/a><\/s><\/p>\n<h3 class=\"NADPIS\">COV\u0130D-19 hastal\u0131\u011f\u0131n\u0131n yol a\u00e7t\u0131\u011f\u0131 kriz durumuna ili\u015fkin ge\u00e7i\u015f h\u00fck\u00fcmleri<\/h3>\n<\/td>\n<\/tr>\n<tr class=\"GO\" data-f=\"3802552\">\n<th>&nbsp;<\/th>\n<td class=\"dc L4\">\n<p><s><a id=\"p131i-1\"><\/a><a id=\"f5154420\"><\/a><\/s><\/p>\n<p><var>(1)<\/var>&nbsp;Ola\u011fan\u00fcst\u00fc bir durum, ola\u011fan\u00fcst\u00fc hal veya COVID-19 hastal\u0131\u011f\u0131yla ba\u011flant\u0131l\u0131 olarak ilan edilen ola\u011fan\u00fcst\u00fc hal (bundan b\u00f6yle &quot;kriz durumu&quot; olarak an\u0131lacakt\u0131r) s\u0131ras\u0131nda sona erecek olan ge\u00e7ici ikamet, daimi ikamet veya m\u00fcsamahakar ikametin ge\u00e7erlili\u011fi ) veya ge\u00e7erlili\u011fi kriz durumunun kald\u0131r\u0131lmas\u0131ndan itibaren bir ay i\u00e7inde sona erecek olanlar\u0131n s\u00fcresi, kriz durumunun kald\u0131r\u0131lmas\u0131ndan itibaren iki ayl\u0131k s\u00fcrenin bitimine kadar uzat\u0131l\u0131r.<\/p>\n<\/td>\n<\/tr>\n<tr class=\"GO\" data-f=\"3802553\">\n<th>&nbsp;<\/th>\n<td class=\"dc L4\">\n<p><s><a id=\"p131i-2\"><\/a><a id=\"f5154421\"><\/a><\/s><\/p>\n<p><var>(2)<\/var>&nbsp;Slovak Cumhuriyeti topraklar\u0131na yasal olarak giren ve bu yasaya g\u00f6re kendisine oturma izni verilmeyen \u00fc\u00e7\u00fcnc\u00fc bir \u00fclke vatanda\u015f\u0131, kriz durumunun ortadan kalkmas\u0131n\u0131n \u00fczerinden bir ay ge\u00e7ene kadar Slovak Cumhuriyeti topraklar\u0131nda kalma hakk\u0131na sahiptir. .<\/p>\n<\/td>\n<\/tr>\n<tr class=\"GO\" data-f=\"3802554\">\n<th>&nbsp;<\/th>\n<td class=\"dc L4\">\n<p><s><a id=\"p131i-3\"><\/a><a id=\"f5154422\"><\/a><\/s><\/p>\n<p><var>(3)<\/var>&nbsp;Bir kriz s\u0131ras\u0131nda Slovak Cumhuriyeti topraklar\u0131 d\u0131\u015f\u0131nda kalan \u00fc\u00e7\u00fcnc\u00fc bir \u00fclke vatanda\u015f\u0131, b\u00fcy\u00fckel\u00e7ili\u011fe ge\u00e7ici ikamet izninin yenilenmesi i\u00e7in ba\u015fvuruda bulunabilir veya s\u0131n\u0131rs\u0131z s\u00fcreli daimi ikamet izni verilmesi i\u00e7in ba\u015fvuruda bulunabilir.<\/p>\n<\/td>\n<\/tr>\n<tr class=\"GO\" data-f=\"3802555\">\n<th>&nbsp;<\/th>\n<td class=\"dc L4\">\n<p><s><a id=\"p131i-4\"><\/a><a id=\"f5154423\"><\/a><\/s><\/p>\n<p><var>(4)<\/var>&nbsp;Polis departman\u0131 belgeleri \u00a7 32 par. 2, \u00a7 34 par. 3, \u00a7 45 par. 3, \u00a7 47 par. 3, \u00a7 53 par. 3 veya \u00a7 59 par. 3 90 g\u00fcnden eski, \u00fc\u00e7\u00fcnc\u00fc \u00fclke vatanda\u015f\u0131n\u0131n ikamet veya ikamet yenileme ba\u015fvurusu yapamad\u0131\u011f\u0131 bir kriz durumunda 90 g\u00fcnden eski olmamas\u0131 ve \u00fc\u00e7\u00fcnc\u00fc \u00fclke vatanda\u015f\u0131n\u0131n ikamet ba\u015fvurusu yap\u0131lana kadar seyahat etmemi\u015f olmas\u0131 veya Slovak Cumhuriyeti topraklar\u0131ndan ikamet yenileme ba\u015fvurusu yap\u0131ld\u0131.<\/p>\n<\/td>\n<\/tr>\n<tr class=\"GO\" data-f=\"3802556\">\n<th>&nbsp;<\/th>\n<td class=\"dc L4\">\n<p><s><a id=\"p131i-5\"><\/a><a id=\"f5154424\"><\/a><\/s><\/p>\n<p><var>(5)<\/var>&nbsp;\u00a7 36 par.&#039;a g\u00f6re son tarih. 3 ve \u00a7 41 par. 3 kriz durumunun s\u00fcresi uzat\u0131l\u0131r.<\/p>\n<\/td>\n<\/tr>\n<tr class=\"GO\" data-f=\"3802557\">\n<th>&nbsp;<\/th>\n<td class=\"dc L4\">\n<p><s><a id=\"p131i-6\"><\/a><a id=\"f5154425\"><\/a><\/s><\/p>\n<p><var>(6)<\/var>&nbsp;\u00a7 32 par. 9 ve 10, \u00a7 38 par. 8 ve 9, \u00a7 45 par. 4, \u00a7 47 par. 5, \u00a7 70 par. 9, \u00a7 71 par. 8, \u00a7 111 par. 1 harf g), i), n), p), q) ve), \u00a7 111 par. 3, 4 ve par. 7, \u00a7 112 par. 1 harf c), e), k), al) ve \u00a7 112 par. 2 harf a), d), f), l) am) kriz durumu ortadan kalkana kadar uygulanmaz.<\/p>\n<\/td>\n<\/tr>\n<tr class=\"GO\" data-f=\"3802558\">\n<th>&nbsp;<\/th>\n<td class=\"dc L4\">\n<p><s><a id=\"p131i-7\"><\/a><a id=\"f5154426\"><\/a><\/s><\/p>\n<p><var>(7)<\/var>&nbsp;\u00a7 61a par. uyar\u0131nca y\u00fck\u00fcml\u00fcl\u00fckler. 4, \u00a7 62 par. 3 ve \u00a7 83 par. Kriz durumu ortadan kalkana kadar 1 ba\u015fvuru yapmay\u0131n.<\/p>\n<\/td>\n<\/tr>\n<tr class=\"GO\" data-f=\"3802559\">\n<th>&nbsp;<\/th>\n<td class=\"dc L4\">\n<p><s><a id=\"p131i-8\"><\/a><a id=\"f5154427\"><\/a><\/s><\/p>\n<p><var>(8)<\/var>&nbsp;\u00a7 35 mektubuna g\u00f6re son tarihlere g\u00f6re a) ve \u00a7 49 mektubu a) Kriz durumunun s\u00fcresi dikkate al\u0131nmaz.<\/p>\n<\/td>\n<\/tr>\n<tr class=\"GO\" data-f=\"3802560\">\n<th>&nbsp;<\/th>\n<td class=\"dc L4\">\n<p><s><a id=\"p131i-9\"><\/a><a id=\"f5154428\"><\/a><\/s><\/p>\n<p><var>(9)<\/var>&nbsp;\u0130dari ihra\u00e7 karar\u0131n\u0131n uygulanmas\u0131 kriz durumu s\u00fcresince ertelenir. Bu erteleme, \u00a7 90 par. 1&#039;e g\u00f6re g\u00f6zalt\u0131ndan sal\u0131verilme nedeni de\u011fildir. 2 harf b) ilk noktan\u0131n.<\/p>\n<\/td>\n<\/tr>\n<tr class=\"GO\" data-f=\"3802561\">\n<th>&nbsp;<\/th>\n<td class=\"dc L4\">\n<p><s><a id=\"p131i-10\"><\/a><a id=\"f5154429\"><\/a><\/s><\/p>\n<p><var>(10)<\/var>&nbsp;\u0130\u00e7i\u015fleri Bakanl\u0131\u011f\u0131, kriz durumu s\u00fcresince ge\u00e7mi\u015f olmas\u0131 halinde, bu Kanunun 6&#039;nc\u0131 f\u0131kras\u0131nda belirtilen s\u00fcre d\u0131\u015f\u0131ndaki s\u00fcrelerin ka\u00e7\u0131r\u0131lmas\u0131n\u0131 da affedebilir.<\/p>\n<\/td>\n<\/tr>\n<tr class=\"GO\" data-f=\"3802562\">\n<th>&nbsp;<\/th>\n<td class=\"dc L4\">\n<p><s><a id=\"p131i-11\"><\/a><a id=\"f5154430\"><\/a><\/s><\/p>\n<p><var>(11)<\/var>&nbsp;\u00a7 34 par. \u00dc\u00e7\u00fcnc\u00fc bir \u00fclke vatanda\u015f\u0131n\u0131n \u00a7 34 par. 1&#039;e g\u00f6re ko\u015fullar\u0131 sa\u011flad\u0131\u011f\u0131n\u0131 kan\u0131tlamas\u0131 durumunda 6 ve 7 uygulanmaz. \u00dc\u00e7\u00fcnc\u00fc bir \u00fclkenin vatanda\u015f\u0131n\u0131n, ticari faaliyetinin \u00f6nceki vergi d\u00f6nemindeki kriz durumunun s\u00fcresinden etkilendi\u011fini belirten bir beyanname sunmas\u0131 halinde, kriz durumunun devam etti\u011fi \u00f6nceki vergi d\u00f6nemi i\u00e7in 6 veya 7.<\/p>\n<\/td>\n<\/tr>\n<\/tbody>\n<\/table>\n<table class=\"FragsTb\">\n<tbody class=\"Frags\">\n<tr class=\"GO\" data-f=\"4098848\">\n<td class=\"dc L3\">\n<p class=\"PARA\">\u00a7 131k<\/p>\n<\/td>\n<\/tr>\n<tr data-f=\"4098849\">\n<th>&nbsp;<\/th>\n<td class=\"dc L4\">\n<p><s><a id=\"f5486311\"><\/a><\/s><\/p>\n<h3 class=\"NADPIS\">Ukrayna topraklar\u0131ndaki silahl\u0131 \u00e7at\u0131\u015fma nedeniyle Slovak Cumhuriyeti topraklar\u0131na kitlesel yabanc\u0131 ak\u0131n\u0131yla ba\u011flant\u0131l\u0131 acil duruma ili\u015fkin ge\u00e7i\u015f h\u00fck\u00fcmleri<\/h3>\n<\/td>\n<\/tr>\n<tr class=\"GO\" data-f=\"4098850\">\n<th>&nbsp;<\/th>\n<td class=\"dc L4\">\n<p><s><a id=\"p131k-1\"><\/a><a id=\"f5486312\"><\/a><\/s><\/p>\n<p><var>(1)<\/var>&nbsp;Ukrayna topraklar\u0131ndaki silahl\u0131 \u00e7at\u0131\u015fman\u0131n neden oldu\u011fu yabanc\u0131lar\u0131n Slovak Cumhuriyeti topraklar\u0131na kitlesel ak\u0131\u015f\u0131yla ba\u011flant\u0131l\u0131 olarak ilan edilen acil durum s\u0131ras\u0131nda sona erecek olan ge\u00e7ici ikamet, daimi ikamet veya m\u00fcsamahakar ikametin ge\u00e7erlili\u011fi (bundan b\u00f6yle an\u0131lacakt\u0131r) &quot;acil durum&quot; olarak adland\u0131r\u0131lan bu s\u00fcre, ola\u011fan\u00fcst\u00fc halin kald\u0131r\u0131ld\u0131\u011f\u0131 tarihten itibaren iki ayl\u0131k s\u00fcrenin sonuna kadar uzat\u0131l\u0131r. \u00d6nceki c\u00fcmleye g\u00f6re kal\u0131\u015f s\u00fcresinin uzat\u0131lmas\u0131yla ilgili olarak, polis departman\u0131, \u0130\u00e7i\u015fleri Bakanl\u0131\u011f\u0131n\u0131n izniyle, \u00fc\u00e7\u00fcnc\u00fc bir \u00fclke vatanda\u015f\u0131n\u0131n talebi \u00fczerine ge\u00e7erli bir ikamet belgesi d\u00fczenleyecektir. Belirli bir tarih i\u00e7in, kal\u0131\u015f amac\u0131n\u0131n yerine getirilmesi i\u00e7in gerekli olmas\u0131 halinde.<a class=\"linknote\" href=\"https:\/\/www.zakonypreludi.sk\/zz\/2011-404#f5486323\" target=\"_blank\" rel=\"noopener\"><sup>104<\/sup>)<\/a><\/p>\n<\/td>\n<\/tr>\n<tr class=\"GO\" data-f=\"4098851\">\n<th>&nbsp;<\/th>\n<td class=\"dc L4\">\n<p><s><a id=\"p131k-2\"><\/a><a id=\"f5486313\"><\/a><\/s><\/p>\n<p><var>(2)<\/var>&nbsp;\u00a7 31 par. 1 uyar\u0131nca ge\u00e7ici ikamet izni verilmesi i\u00e7in polis departman\u0131na ba\u015fvuran \u00fc\u00e7\u00fcnc\u00fc bir \u00fclke vatanda\u015f\u0131. 3 veya \u00a7 44 par. 1, bu ba\u015fvuruya ili\u015fkin karar verilinceye kadar Slovak Cumhuriyeti topraklar\u0131nda kalma hakk\u0131na sahiptir.<\/p>\n<\/td>\n<\/tr>\n<tr class=\"GO\" data-f=\"4098852\">\n<th>&nbsp;<\/th>\n<td class=\"dc L4\">\n<p><s><a id=\"p131k-3\"><\/a><a id=\"f5486314\"><\/a><\/s><\/p>\n<p><var>(3)<\/var>&nbsp;Hakl\u0131 durumlarda, \u0130\u00e7i\u015fleri Bakanl\u0131\u011f\u0131 ka\u00e7\u0131r\u0131lan s\u00fcreyi affedebilir veya ola\u011fan\u00fcst\u00fc hal s\u0131ras\u0131nda ge\u00e7mi\u015fse bu kanuna g\u00f6re s\u00fcreyi uzatabilir.<\/p>\n<\/td>\n<\/tr>\n<tr class=\"GO\" data-f=\"4098853\">\n<th>&nbsp;<\/th>\n<td class=\"dc L4\">\n<p><s><a id=\"p131k-4\"><\/a><a id=\"f5486315\"><\/a><\/s><\/p>\n<p><var>(4)<\/var>&nbsp;Acil bir durumda, \u00a7 33 par. 8, \u00a7 34 par. 16, \u00a7 38 par. 11, \u00a7 40 par. 7, \u00a7 45 par. 9, \u00a7 47 par. 6, \u00a7 53 par. 6, \u00a7 59 par. 7 ve \u00a7 62 par. 4 veya \u00f6zel bir d\u00fczenlemeye g\u00f6re son tarihler.<a class=\"linknote\" href=\"https:\/\/www.zakonypreludi.sk\/zz\/2011-404#f5486324\" target=\"_blank\" rel=\"noopener\"><sup>105<\/sup>)<\/a><\/p>\n<\/td>\n<\/tr>\n<tr class=\"GO\" data-f=\"4098854\">\n<th>&nbsp;<\/th>\n<td class=\"dc L4\">\n<p><s><a id=\"p131k-5\"><\/a><a id=\"f5486316\"><\/a><\/s><\/p>\n<p><var>(5)<\/var>&nbsp;Slovak Cumhuriyeti topraklar\u0131nda ge\u00e7ici s\u0131\u011f\u0131nma hakk\u0131 verilen \u00fc\u00e7\u00fcnc\u00fc bir \u00fclke vatanda\u015f\u0131, \u00f6zel bir d\u00fczenlemeye g\u00f6re Slovak Cumhuriyeti topraklar\u0131ndaki ikamet adresindeki de\u011fi\u015fikli\u011fi bildirim ofisine bildirir;<a class=\"linknote\" href=\"https:\/\/www.zakonypreludi.sk\/zz\/2011-404#f5486325\" target=\"_blank\" rel=\"noopener\"><sup>106<\/sup>)<\/a>&nbsp;\u00a7 111 par. 3 kullan\u0131lmamaktad\u0131r. \u0130kamet adresi de\u011fi\u015fikli\u011fini bildirirken, \u00a7 122 par. 1&#039;e uygun olarak ikamet belgesini ve konaklama belgesini sunar. 1 veya konaklama sa\u011flanmas\u0131n\u0131 onaylayan ba\u015fka bir belge.<\/p>\n<\/td>\n<\/tr>\n<tr class=\"GO\" data-f=\"4098855\">\n<th>&nbsp;<\/th>\n<td class=\"dc L4\">\n<p><s><a id=\"p131k-6\"><\/a><a id=\"f5486317\"><\/a><\/s><\/p>\n<p><var>(6)<\/var>&nbsp;5. paragrafa g\u00f6re rapora dayal\u0131 duyuru odas\u0131<\/p>\n<\/td>\n<\/tr>\n<tr class=\"GO\" data-f=\"4098856\">\n<th>&nbsp;<\/th>\n<td class=\"dc L5\">\n<p><s><a id=\"p131k-6-a\"><\/a><a id=\"f5486318\"><\/a><\/s><\/p>\n<p><var>A)<\/var>&nbsp;Kal\u0131\u015f raporuna ili\u015fkin verileri derhal Polis Te\u015fkilat\u0131n\u0131n bilgi sistemine kaydeder ve bu bilgi sistemine do\u011frudan eri\u015fimi varsa yabanc\u0131ya yeni bir ikamet belgesi verir veya<\/p>\n<\/td>\n<\/tr>\n<tr class=\"GO\" data-f=\"4098857\">\n<th>&nbsp;<\/th>\n<td class=\"dc L5\">\n<p><s><a id=\"p131k-6-b\"><\/a><a id=\"f5486319\"><\/a><\/s><\/p>\n<p><var>B)<\/var>&nbsp;\u0130braz edilen ikamet belgesine ikamet adresi de\u011fi\u015fikli\u011fini kay\u0131t alt\u0131na al\u0131r ve ard\u0131ndan yabanc\u0131n\u0131n ikamet yerine g\u00f6re ikamet adresi de\u011fi\u015fikli\u011finin ilgili emniyet m\u00fcd\u00fcrl\u00fc\u011f\u00fcne bildirilmesine ili\u015fkin verileri derhal teslim eder.<\/p>\n<\/td>\n<\/tr>\n<tr class=\"GO\" data-f=\"4098858\">\n<th>&nbsp;<\/th>\n<td class=\"dc L4\">\n<p><s><a id=\"p131k-7\"><\/a><a id=\"f5486320\"><\/a><\/s><\/p>\n<p><var>(7)<\/var>&nbsp;Acil bir durumda d\u0131\u015f s\u0131n\u0131rdan Slovak Cumhuriyeti topraklar\u0131na giren \u00fc\u00e7\u00fcnc\u00fc bir \u00fclke vatanda\u015f\u0131, yard\u0131ml\u0131 g\u00f6n\u00fcll\u00fc geri d\u00f6n\u00fc\u015f kapsam\u0131nda kendi \u00fclkesine d\u00f6nmeyi talep edebilir.<\/p>\n<\/td>\n<\/tr>\n<tr class=\"GO\" data-f=\"4098859\">\n<th>&nbsp;<\/th>\n<td class=\"dc L4\">\n<p><s><a id=\"p131k-8\"><\/a><a id=\"f5486321\"><\/a><\/s><\/p>\n<p><var>(8)<\/var>&nbsp;Acil bir durumda d\u0131\u015f s\u0131n\u0131rdan Slovak Cumhuriyeti topraklar\u0131na giren ve kendi seyahat belgesine sahip olmayan \u00fc\u00e7\u00fcnc\u00fc bir \u00fclke vatanda\u015f\u0131na, polis departman\u0131 seyahat amac\u0131yla bir yabanc\u0131 pasaportu verebilir.<\/p>\n<\/td>\n<\/tr>\n<\/tbody>\n<\/table>\n<p>Kaynak: TASR; minv.sk; SSVPL.sk<\/p>\t\t\t\t\t\t<\/div>\n\t\t\t\t<\/div>\n\t\t\t\t\t<\/div>\n\t\t<\/div>\n\t\t\t\t\t<\/div>\n\t\t<\/section>\n\t\t\t\t<\/div>","protected":false},"excerpt":{"rendered":"<p>De\u011ferli M\u00fc\u015fterilerimiz, Slovak Cumhuriyeti H\u00fck\u00fcmet Ofisi 11.09.2023 tarihinde COVID-19 hastal\u0131\u011f\u0131n\u0131n yay\u0131lmas\u0131ndan kaynaklanan ve 15.09.2023 tarihinde saat 6:00'da sona erecek olan acil durumun kald\u0131r\u0131lmas\u0131n\u0131 onaylam\u0131\u015ft\u0131r. Bu ger\u00e7e\u011fe dayanarak, \u00a7131i Z.z. ge\u00e7i\u015f h\u00fckm\u00fc sona erecektir. 404\/2011 say\u0131l\u0131 Yabanc\u0131lar\u0131n \u0130kametine \u0130li\u015fkin Kanun. Ancak \u015fu anda, Kanunun \u00a7131k say\u0131l\u0131 ge\u00e7i\u015f h\u00fckm\u00fc y\u00fcr\u00fcrl\u00fckte kalmaya devam etmektedir. 404\/2011 say\u0131l\u0131 Yabanc\u0131lar\u0131n \u0130kametine \u0130li\u015fkin Kanun [...]<\/p>","protected":false},"author":1,"featured_media":6667,"comment_status":"open","ping_status":"open","sticky":false,"template":"","format":"standard","meta":{"footnotes":"","iawp_total_views":73},"categories":[70],"tags":[],"acf":[],"_links":{"self":[{"href":"https:\/\/vizum.sk\/tr\/wp-json\/wp\/v2\/posts\/6666"}],"collection":[{"href":"https:\/\/vizum.sk\/tr\/wp-json\/wp\/v2\/posts"}],"about":[{"href":"https:\/\/vizum.sk\/tr\/wp-json\/wp\/v2\/types\/post"}],"author":[{"embeddable":true,"href":"https:\/\/vizum.sk\/tr\/wp-json\/wp\/v2\/users\/1"}],"replies":[{"embeddable":true,"href":"https:\/\/vizum.sk\/tr\/wp-json\/wp\/v2\/comments?post=6666"}],"version-history":[{"count":0,"href":"https:\/\/vizum.sk\/tr\/wp-json\/wp\/v2\/posts\/6666\/revisions"}],"wp:featuredmedia":[{"embeddable":true,"href":"https:\/\/vizum.sk\/tr\/wp-json\/wp\/v2\/media\/6667"}],"wp:attachment":[{"href":"https:\/\/vizum.sk\/tr\/wp-json\/wp\/v2\/media?parent=6666"}],"wp:term":[{"taxonomy":"category","embeddable":true,"href":"https:\/\/vizum.sk\/tr\/wp-json\/wp\/v2\/categories?post=6666"},{"taxonomy":"post_tag","embeddable":true,"href":"https:\/\/vizum.sk\/tr\/wp-json\/wp\/v2\/tags?post=6666"}],"curies":[{"name":"wp","href":"https:\/\/api.w.org\/{rel}","templated":true}]}}