{"id":8429,"date":"2024-02-05T16:07:20","date_gmt":"2024-02-05T15:07:20","guid":{"rendered":"https:\/\/vizum.sk\/?p=8429"},"modified":"2024-02-05T16:09:17","modified_gmt":"2024-02-05T15:09:17","slug":"vietnam-lunarny-novy-rok","status":"publish","type":"post","link":"https:\/\/vizum.sk\/tr\/vietnam-ay-takvimi-yeni-yili\/","title":{"rendered":"Vietnam - Yeni Ay Y\u0131l\u0131"},"content":{"rendered":"<div data-elementor-type=\"wp-post\" data-elementor-id=\"8429\" class=\"elementor elementor-8429\">\n\t\t\t\t\t\t<section class=\"elementor-section elementor-top-section elementor-element elementor-element-c7c4f8c elementor-section-boxed elementor-section-height-default elementor-section-height-default\" data-id=\"c7c4f8c\" data-element_type=\"section\">\n\t\t\t\t\t\t<div class=\"elementor-container elementor-column-gap-default\">\n\t\t\t\t\t<div class=\"elementor-column elementor-col-100 elementor-top-column elementor-element elementor-element-6d59246\" data-id=\"6d59246\" data-element_type=\"column\">\n\t\t\t<div class=\"elementor-widget-wrap elementor-element-populated\">\n\t\t\t\t\t\t<div class=\"elementor-element elementor-element-b9ff06b elementor-widget elementor-widget-text-editor\" data-id=\"b9ff06b\" data-element_type=\"widget\" data-widget_type=\"text-editor.default\">\n\t\t\t\t<div class=\"elementor-widget-container\">\n\t\t\t\t\t\t\t<div class=\"ap-prdt-sub-content-area ap-prdt-perex-content-area\"><p>Slovak Cumhuriyeti Hanoi B\u00fcy\u00fckel\u00e7ili\u011fi, yakla\u015fmakta olan Ay Yeni Y\u0131l\u0131 kutlamalar\u0131na dikkatinizi \u00e7ekmek ister (<strong>8 - 14 \u015eubat 2024<\/strong>), \u00f6n\u00fcm\u00fczdeki g\u00fcnlerde Vietnam'daki \u00e7e\u015fitli geli\u015fmeleri, \u00f6zellikle de\u00a0<strong>trafik ve g\u00fcvenlik k\u0131s\u0131tlamalar\u0131,<\/strong>\u00a0z<strong>artan trafik hareketlili\u011fi ve artan insan yo\u011funlu\u011fu<\/strong>\u00a0\u00fclke i\u00e7indeki yolcular. Ta\u015f\u0131mac\u0131l\u0131k \u015firketleri yolcu say\u0131s\u0131nda \u00f6nemli bir art\u0131\u015f bekliyor. Y\u0131l\u0131n en b\u00fcy\u00fck tatilleri s\u0131ras\u0131nda\u00a0<strong>bir\u00e7ok kurum, tesis, i\u015f merkezi ve k\u00fclt\u00fcrel mekan kapand\u0131.<\/strong><\/p><\/div><div class=\"ap-prdt-sub-content-area ap-prdt-image-content-area\"><div class=\"ap-prdt-image-description\">Vietnam'da Ay Yeni Y\u0131l\u0131'n\u0131n geli\u015fini kutlarken, ill\u00fcstrasyon foto\u011fraf, Shutterstock.<\/div><\/div><div class=\"ap-prdt-sub-content-area ap-prdt-text-content-area\"><p>Hanoi'deki Slovak Cumhuriyeti B\u00fcy\u00fckel\u00e7ili\u011fi, Slovak vatanda\u015flar\u0131na \u00fclkeye seyahat etmek istiyorlarsa, a\u015fa\u011f\u0131daki belgelerin sunulmas\u0131 da dahil olmak \u00fczere t\u00fcm formaliteleri tamamlad\u0131klar\u0131ndan emin olmalar\u0131n\u0131 tavsiye etmektedir\u00a0<strong>vize ba\u015fvurular\u0131 zaman\u0131nda i\u015fleme al\u0131n\u0131r<\/strong>olarak\u00a0<strong>Vietnam g\u00f6\u00e7menlik makamlar\u0131 tatil s\u00fcresince vize ba\u015fvurular\u0131n\u0131 i\u015fleme koymayacakt\u0131r.<\/strong><\/p><p><strong>Acil durumlarda<\/strong>\u00a0Slovak Cumhuriyeti vatanda\u015flar\u0131 Hanoi'deki Slovak Cumhuriyeti B\u00fcy\u00fckel\u00e7ili\u011fi'nin acil durum cep telefonu numaras\u0131 olan +84904988554 veya Slovak Cumhuriyeti D\u0131\u015fi\u015fleri ve Avrupa \u0130\u015fleri Bakanl\u0131\u011f\u0131'n\u0131n +421 2 5978 5978 numaral\u0131 telefonu ile irtibata ge\u00e7ebilirler.<\/p><\/div><p><strong>Kaynak:<\/strong> D\u0131\u015fi\u015fleri ve Avrupa \u0130\u015fleri Bakanl\u0131\u011f\u0131'ndan bas\u0131n a\u00e7\u0131klamalar\u0131<\/p>\t\t\t\t\t\t<\/div>\n\t\t\t\t<\/div>\n\t\t\t\t\t<\/div>\n\t\t<\/div>\n\t\t\t\t\t<\/div>\n\t\t<\/section>\n\t\t\t\t<\/div>","protected":false},"excerpt":{"rendered":"<p>Hanoi'deki Slovak Cumhuriyeti B\u00fcy\u00fckel\u00e7ili\u011fi, yakla\u015fan Ay Yeni Y\u0131l\u0131 (8-14 \u015eubat 2024) kutlamalar\u0131yla ba\u011flant\u0131l\u0131 olarak, ba\u015fta trafik ve g\u00fcvenlik k\u0131s\u0131tlamalar\u0131 olmak \u00fczere \u00e7e\u015fitli hususlar\u0131n, artan trafik hareketlili\u011finin ve \u00f6n\u00fcm\u00fczdeki g\u00fcnlerde \u00fclke i\u00e7inde seyahat eden insan yo\u011funlu\u011funun dikkate al\u0131nmas\u0131 gerekti\u011fi konusunda uyar\u0131da bulundu. Ta\u015f\u0131mac\u0131l\u0131k \u015firketleri yolcu say\u0131s\u0131nda \u00f6nemli bir art\u0131\u015f bekliyor. Y\u0131l\u0131n en b\u00fcy\u00fck tatillerinde bir\u00e7ok kurum, kurulu\u015f, al\u0131\u015fveri\u015f merkezi ve k\u00fclt\u00fcrel mekan [...]<\/p>","protected":false},"author":1,"featured_media":8430,"comment_status":"open","ping_status":"open","sticky":false,"template":"","format":"standard","meta":{"footnotes":"","iawp_total_views":66},"categories":[70,63],"tags":[],"acf":[],"_links":{"self":[{"href":"https:\/\/vizum.sk\/tr\/wp-json\/wp\/v2\/posts\/8429"}],"collection":[{"href":"https:\/\/vizum.sk\/tr\/wp-json\/wp\/v2\/posts"}],"about":[{"href":"https:\/\/vizum.sk\/tr\/wp-json\/wp\/v2\/types\/post"}],"author":[{"embeddable":true,"href":"https:\/\/vizum.sk\/tr\/wp-json\/wp\/v2\/users\/1"}],"replies":[{"embeddable":true,"href":"https:\/\/vizum.sk\/tr\/wp-json\/wp\/v2\/comments?post=8429"}],"version-history":[{"count":0,"href":"https:\/\/vizum.sk\/tr\/wp-json\/wp\/v2\/posts\/8429\/revisions"}],"wp:featuredmedia":[{"embeddable":true,"href":"https:\/\/vizum.sk\/tr\/wp-json\/wp\/v2\/media\/8430"}],"wp:attachment":[{"href":"https:\/\/vizum.sk\/tr\/wp-json\/wp\/v2\/media?parent=8429"}],"wp:term":[{"taxonomy":"category","embeddable":true,"href":"https:\/\/vizum.sk\/tr\/wp-json\/wp\/v2\/categories?post=8429"},{"taxonomy":"post_tag","embeddable":true,"href":"https:\/\/vizum.sk\/tr\/wp-json\/wp\/v2\/tags?post=8429"}],"curies":[{"name":"wp","href":"https:\/\/api.w.org\/{rel}","templated":true}]}}