{"id":9485,"date":"2024-03-22T07:20:33","date_gmt":"2024-03-22T06:20:33","guid":{"rendered":"https:\/\/vizum.sk\/?p=9485"},"modified":"2024-03-26T12:03:00","modified_gmt":"2024-03-26T11:03:00","slug":"kuba-cestovne-odporucanie","status":"publish","type":"post","link":"https:\/\/vizum.sk\/tr\/kuba-seyahat-onerileri\/","title":{"rendered":"K\u00fcba - seyahat \u00f6nerileri"},"content":{"rendered":"<div data-elementor-type=\"wp-post\" data-elementor-id=\"9485\" class=\"elementor elementor-9485\">\n\t\t\t\t\t\t<section class=\"elementor-section elementor-top-section elementor-element elementor-element-2856085 elementor-section-boxed elementor-section-height-default elementor-section-height-default\" data-id=\"2856085\" data-element_type=\"section\">\n\t\t\t\t\t\t<div class=\"elementor-container elementor-column-gap-default\">\n\t\t\t\t\t<div class=\"elementor-column elementor-col-100 elementor-top-column elementor-element elementor-element-a37685c\" data-id=\"a37685c\" data-element_type=\"column\">\n\t\t\t<div class=\"elementor-widget-wrap elementor-element-populated\">\n\t\t\t\t\t\t<div class=\"elementor-element elementor-element-27904e6 elementor-widget elementor-widget-text-editor\" data-id=\"27904e6\" data-element_type=\"widget\" data-widget_type=\"text-editor.default\">\n\t\t\t\t<div class=\"elementor-widget-container\">\n\t\t\t\t\t\t\t<div class=\"ap-prdt-sub-content-area ap-prdt-perex-content-area\">\n<p>K\u00fcba'da son zamanlarda temel g\u0131da ve elektrik eksikli\u011fi nedeniyle halk aras\u0131nda ho\u015fnutsuzluk vakalar\u0131 ya\u015fanmaktad\u0131r. Bu ba\u011flamda, vatanda\u015flar\u0131n b\u00fcy\u00fck toplant\u0131 ve g\u00f6sterilerde daha dikkatli olmalar\u0131 tavsiye edilmektedir.<\/p>\n<\/div>\n<div class=\"ap-prdt-sub-content-area ap-prdt-image-content-area\">\n<p>K\u00fcba son otuz y\u0131l\u0131n en k\u00f6t\u00fc ekonomik krizini ya\u015f\u0131yor. \u00dclke, tarihinde ilk kez BM \u00f6nc\u00fcl\u00fc\u011f\u00fcndeki D\u00fcnya G\u0131da Program\u0131'ndan yard\u0131m talep etti. Bu e\u015fi benzeri g\u00f6r\u00fclmemi\u015f bir ad\u0131m.<\/p>\n<p>Talep yedi ya\u015f\u0131ndan k\u00fc\u00e7\u00fck \u00e7ocuklar i\u00e7in s\u00fct tozu tedariki y\u00f6n\u00fcnde ancak K\u00fcba ayn\u0131 zamanda yak\u0131t ve ila\u00e7 s\u0131k\u0131nt\u0131s\u0131 da ya\u015f\u0131yor. WPF y\u00f6netimi \u0130spanyol haber ajans\u0131 Efe'ye, K\u00fcba'n\u0131n kendilerinden yedi ya\u015f\u0131ndan k\u00fc\u00e7\u00fck \u00e7ocuklar i\u00e7in ayda 1 kilogram s\u00fct tozu tedariki \u015feklinde yard\u0131ma devam etmelerini istedi\u011fini do\u011frulad\u0131. Kurulu\u015fa g\u00f6re teslimatlar \u00e7oktan ba\u015flad\u0131.<\/p>\n<p>Temel g\u0131da maddeleri K\u00fcba halk\u0131na karne esas\u0131na g\u00f6re tedarik edilmektedir. Bu sistem 1962 y\u0131l\u0131nda Fidel Castro d\u00f6neminde, ABD'nin K\u00fcba'ya uygulad\u0131\u011f\u0131 yapt\u0131r\u0131mlar\u0131n g\u0131da s\u0131k\u0131nt\u0131s\u0131n\u0131 artt\u0131rd\u0131\u011f\u0131 bir d\u00f6nemde uygulamaya konmu\u015ftur. Ancak bu sistemin, s\u0131k s\u0131k k\u0131tl\u0131klar\u0131n ya\u015fand\u0131\u011f\u0131 kriz d\u00f6nemlerinde belirginle\u015fen tuzaklar\u0131 vard\u0131r.<\/p>\n<p>H\u00fck\u00fcmet, son otuz y\u0131l\u0131n en k\u00f6t\u00fc ekonomik durumundan, K\u00fcba'ya y\u00f6nelik yapt\u0131r\u0131mlar\u0131 halen y\u00fcr\u00fcrl\u00fckte olan ABD'yi sorumlu tutuyor. Ancak ele\u015ftirmenler, K\u00fcba H\u00fck\u00fcmeti ve onun k\u00f6t\u00fc y\u00f6netiminin su\u00e7lu oldu\u011funu s\u00f6yl\u00fcyor.<\/p>\n<p>K\u00fcba Ba\u015fbakan Yard\u0131mc\u0131s\u0131 Jorge Luis Tapia Fonseca ge\u00e7en y\u0131l K\u00fcba'n\u0131n kendi kendine yeterli hale gelme s\u00fcrecinde geride kald\u0131\u011f\u0131n\u0131 kabul etse de, ilerleme kaydedilememesinin sorumlulu\u011funu \"\u00fcretkenlik k\u00fclt\u00fcr\u00fcnden\" yoksun oldu\u011funu s\u00f6yledi\u011fi K\u00fcbal\u0131 i\u015f\u00e7ilere y\u00fckledi. \"G\u0131da \u00fcretmek i\u00e7in \u00e7al\u0131\u015fmak gerekir. Hepimiz onlar\u0131n bize yiyecek g\u00f6ndermesini bekliyoruz ama biz \u00fcretmek i\u00e7in hi\u00e7bir \u015fey yapm\u0131yoruz,\" demi\u015fti ge\u00e7en Temmuz ay\u0131nda.<\/p>\n<p>O zamandan bu yana s\u00fct ve di\u011fer g\u0131da maddelerinde ya\u015fanan s\u0131k\u0131nt\u0131lar daha da k\u00f6t\u00fcle\u015fti. Bu ay\u0131n ba\u015flar\u0131nda Ticaret Bakan\u0131 Betsy D\u00edaz, \u00e7ocuklar i\u00e7in s\u00fct tozu tedarikinde s\u0131k\u0131nt\u0131 ya\u015fanaca\u011f\u0131 uyar\u0131s\u0131nda bulundu. O s\u0131rada h\u00fck\u00fcmetin \"alternatifler bulmak i\u00e7in her g\u00fcn \u00e7al\u0131\u015ft\u0131\u011f\u0131n\u0131\" s\u00f6yledi.<\/p>\n<\/div>\n<div class=\"ap-prdt-sub-content-area ap-prdt-text-content-area\">\n<p><strong>Genel olarak, temel ki\u015fisel g\u00fcvenlik kurallar\u0131na uyulmal\u0131 ve \u00e7at\u0131\u015fma durumlar\u0131ndan ka\u00e7\u0131n\u0131lmal\u0131d\u0131r. Acil durumlarda Slovak Cumhuriyeti vatanda\u015flar\u0131 Havana'daki Slovak Cumhuriyeti B\u00fcy\u00fckel\u00e7ili\u011fi'nin acil durum cep telefonu numaras\u0131 olan +5352630584 veya Slovak Cumhuriyeti D\u0131\u015fi\u015fleri ve Avrupa \u0130\u015fleri Bakanl\u0131\u011f\u0131'n\u0131n +421 2 5978 5978 numaral\u0131 telefonu ile irtibata ge\u00e7ebilirler. Ayr\u0131ca yurtd\u0131\u015f\u0131na seyahat eden Slovak vatanda\u015flar\u0131n\u0131n&nbsp;<a href=\"https:\/\/www.mzv.sk\/web\/sk\/sluzby\/ak-cestujete-do-zahranicia\/registracia-pred-cestou-do-zahranicia\" target=\"_blank\" rel=\"noopener\">Bakanl\u0131\u011f\u0131n web sitesinde g\u00f6n\u00fcll\u00fc bir kay\u0131t hizmeti<\/a>&nbsp;veya Svetobe\u017eka mobil uygulamas\u0131 arac\u0131l\u0131\u011f\u0131yla.<\/strong><\/p>\n<\/div>\n<p>Kaynak: <br>- Slovak Cumhuriyeti D\u0131\u015fi\u015fleri Bakanl\u0131\u011f\u0131 Bas\u0131n B\u00fcltenleri&nbsp;<br>- Liste Haberleri&nbsp;<\/p>\t\t\t\t\t\t<\/div>\n\t\t\t\t<\/div>\n\t\t\t\t\t<\/div>\n\t\t<\/div>\n\t\t\t\t\t<\/div>\n\t\t<\/section>\n\t\t\t\t<\/div>","protected":false},"excerpt":{"rendered":"<p>K\u00fcba'da son zamanlarda temel g\u0131da ve elektrik eksikli\u011fi nedeniyle halk aras\u0131nda ho\u015fnutsuzluk vakalar\u0131 ya\u015fanmaktad\u0131r. Bu ba\u011flamda, vatanda\u015flar\u0131n b\u00fcy\u00fck toplant\u0131 ve g\u00f6sterilerde daha dikkatli olmalar\u0131 tavsiye edilmektedir. K\u00fcba son otuz y\u0131l\u0131n en k\u00f6t\u00fc ekonomik krizini ya\u015f\u0131yor. \u00dclke, tarihinde ilk kez BM \u00f6nc\u00fcl\u00fc\u011f\u00fcndeki D\u00fcnya G\u0131da Program\u0131'ndan yard\u0131m talebinde bulundu. Bu daha \u00f6nce benzeri g\u00f6r\u00fclmemi\u015f bir ad\u0131md\u0131r. Talep [...]<\/p>","protected":false},"author":1,"featured_media":9486,"comment_status":"open","ping_status":"open","sticky":false,"template":"","format":"standard","meta":{"footnotes":"","iawp_total_views":44},"categories":[81,63],"tags":[],"acf":[],"_links":{"self":[{"href":"https:\/\/vizum.sk\/tr\/wp-json\/wp\/v2\/posts\/9485"}],"collection":[{"href":"https:\/\/vizum.sk\/tr\/wp-json\/wp\/v2\/posts"}],"about":[{"href":"https:\/\/vizum.sk\/tr\/wp-json\/wp\/v2\/types\/post"}],"author":[{"embeddable":true,"href":"https:\/\/vizum.sk\/tr\/wp-json\/wp\/v2\/users\/1"}],"replies":[{"embeddable":true,"href":"https:\/\/vizum.sk\/tr\/wp-json\/wp\/v2\/comments?post=9485"}],"version-history":[{"count":0,"href":"https:\/\/vizum.sk\/tr\/wp-json\/wp\/v2\/posts\/9485\/revisions"}],"wp:featuredmedia":[{"embeddable":true,"href":"https:\/\/vizum.sk\/tr\/wp-json\/wp\/v2\/media\/9486"}],"wp:attachment":[{"href":"https:\/\/vizum.sk\/tr\/wp-json\/wp\/v2\/media?parent=9485"}],"wp:term":[{"taxonomy":"category","embeddable":true,"href":"https:\/\/vizum.sk\/tr\/wp-json\/wp\/v2\/categories?post=9485"},{"taxonomy":"post_tag","embeddable":true,"href":"https:\/\/vizum.sk\/tr\/wp-json\/wp\/v2\/tags?post=9485"}],"curies":[{"name":"wp","href":"https:\/\/api.w.org\/{rel}","templated":true}]}}