{"id":9492,"date":"2024-03-22T07:30:26","date_gmt":"2024-03-22T06:30:26","guid":{"rendered":"https:\/\/vizum.sk\/?p=9492"},"modified":"2024-07-13T03:30:44","modified_gmt":"2024-07-13T01:30:44","slug":"pakistan-cestovne-odporucanie","status":"publish","type":"post","link":"https:\/\/vizum.sk\/tr\/pakistan-seyahat-tavsiyeleri\/","title":{"rendered":"Pakistan - seyahat \u00f6nerileri"},"content":{"rendered":"<div data-elementor-type=\"wp-post\" data-elementor-id=\"9492\" class=\"elementor elementor-9492\">\n\t\t\t\t\t\t<section class=\"elementor-section elementor-top-section elementor-element elementor-element-2d8e02c elementor-section-full_width elementor-section-height-default elementor-section-height-default\" data-id=\"2d8e02c\" data-element_type=\"section\">\n\t\t\t\t\t\t<div class=\"elementor-container elementor-column-gap-default\">\n\t\t\t\t\t<div class=\"elementor-column elementor-col-100 elementor-top-column elementor-element elementor-element-eade966\" data-id=\"eade966\" data-element_type=\"column\">\n\t\t\t<div class=\"elementor-widget-wrap elementor-element-populated\">\n\t\t\t\t\t\t<div class=\"elementor-element elementor-element-a4252cf elementor-widget elementor-widget-text-editor\" data-id=\"a4252cf\" data-element_type=\"widget\" data-widget_type=\"text-editor.default\">\n\t\t\t\t<div class=\"elementor-widget-container\">\n\t\t\t\t\t\t\t<div class=\"ap-prdt-sub-content-area ap-prdt-recommendation-content-area\"><strong>Tavsiye d\u00fczeyi: seviye 3 - Tavsiye d\u00fczeyi: seviye 3 - Pakistan'a seyahat edilmemesi tavsiyesi<\/strong><\/div><div class=\"ap-prdt-sub-content-area ap-prdt-perex-content-area\"><p>Slovak Cumhuriyeti D\u0131\u015fi\u015fleri ve Avrupa \u0130\u015fleri Bakanl\u0131\u011f\u0131, Slovak vatanda\u015flar\u0131na a\u015fa\u011f\u0131daki nedenlerden dolay\u0131 Pakistan'a seyahat etmemelerini tavsiye etmektedir\u00a0<strong>g\u00fcvenlik durumunun k\u00f6t\u00fcle\u015fmesi<\/strong>\u00a0\u00fclkedeki son derece \u00e7alkant\u0131l\u0131 ve gergin i\u00e7 siyasi durum nedeniyle\u00a0<strong>silahl\u0131 kuvvetler ve protestocular aras\u0131nda \u015fiddetli \u00e7at\u0131\u015fmalar<\/strong>.<\/p><\/div><div class=\"ap-prdt-sub-content-area ap-prdt-text-content-area\"><p>\u00d6zellikle Slovak vatanda\u015flar\u0131n\u0131n dikkatini s\u00fcrekli artan g\u00fcvenlik riskine \u00e7ekmektedir\u00a0<strong>yabanc\u0131lara y\u00f6nelik ter\u00f6r sald\u0131r\u0131lar\u0131 ve ka\u00e7\u0131rma olaylar\u0131<\/strong>\u00a0Kara\u00e7i (su\u00e7 oran\u0131 da y\u00fcksek), FATA, Khyber-Pakhtunkhwa, Belucistan ve Gilgit-Baltistan eyaletleri ba\u015fta olmak \u00fczere b\u00fcy\u00fck \u015fehirlerde. Bu b\u00f6lgelerde ter\u00f6rle m\u00fccadele operasyonlar\u0131 ve Pakistan ordusu ile Taliban sava\u015f\u00e7\u0131lar\u0131 aras\u0131nda \u00e7at\u0131\u015fmalar ya\u015fanmakta ve Taliban s\u00fcrekli olarak yabanc\u0131lar\u0131 Pakistan'\u0131 terk etmemeleri halinde misilleme sald\u0131r\u0131lar\u0131na hedef olacaklar\u0131 y\u00f6n\u00fcnde tehdit etmektedir.<\/p><p>Sind, Pencap ve Belucistan eyaletleri yaz aylar\u0131nda d\u00fczenli muson ya\u011fmurlar\u0131na maruz kalmakta ve bu da\u00a0<strong>Seller<\/strong>. Bu illerde 2022 yaz\u0131nda meydana gelen rekor ya\u011f\u0131\u015flar, sa\u011fl\u0131k tesisleri de dahil olmak \u00fczere neredeyse t\u00fcm altyap\u0131y\u0131 tahrip eden sellere neden olmu\u015ftur.<\/p><p><strong>Acil durumlarda<\/strong>\u00a0Slovak Cumhuriyeti vatanda\u015flar\u0131 Tahran'daki Slovak Cumhuriyeti B\u00fcy\u00fckel\u00e7ili\u011fi'nin acil durum cep telefonu numaras\u0131 olan +98 912 384 8971 veya Slovak Cumhuriyeti D\u0131\u015fi\u015fleri ve Avrupa \u0130\u015fleri Bakanl\u0131\u011f\u0131'n\u0131n +421 2 5978 5978 numaral\u0131 telefonu ile irtibata ge\u00e7ebilirler.<\/p><p>Ayn\u0131 zamanda, Slovak vatanda\u015flar\u0131n\u0131n yurtd\u0131\u015f\u0131na seyahat ederken a\u015fa\u011f\u0131dakileri kullanmalar\u0131n\u0131 tavsiye ediyoruz\u00a0<a href=\"https:\/\/www.mzv.sk\/web\/sk\/sluzby\/ak-cestujete-do-zahranicia\/registracia-pred-cestou-do-zahranicia\" target=\"_blank\" rel=\"noopener\">Bakanl\u0131\u011f\u0131n web sitesinde g\u00f6n\u00fcll\u00fc bir kay\u0131t hizmeti<\/a>\u00a0veya Svetobe\u017eka mobil uygulamas\u0131 arac\u0131l\u0131\u011f\u0131yla.<\/p><p>T\u00fcm seyahat uyar\u0131lar\u0131 Bakanl\u0131\u011f\u0131n internet sitesinde ve b\u00fcy\u00fckel\u00e7iliklerin internet sitelerinde Seyahat\/Bildirimler ve seyahat \u00f6ncesi uyar\u0131lar b\u00f6l\u00fcm\u00fcnde listelenmektedir.<\/p><\/div>\t\t\t\t\t\t<\/div>\n\t\t\t\t<\/div>\n\t\t\t\t\t<\/div>\n\t\t<\/div>\n\t\t\t\t\t<\/div>\n\t\t<\/section>\n\t\t\t\t<\/div>","protected":false},"excerpt":{"rendered":"<p>Tavsiye seviyesi: 3. seviye - Tavsiye seviyesi: 3. seviye - Pakistan&#039;a seyahat etmeme tavsiyesi Slovak Cumhuriyeti D\u0131\u015fi\u015fleri ve Avrupa \u0130\u015fleri Bakanl\u0131\u011f\u0131, Slovak Cumhuriyeti vatanda\u015flar\u0131na g\u00fcvenlik durumunun k\u00f6t\u00fcle\u015fmesi nedeniyle Pakistan&#039;a seyahat etmemelerini tavsiye ediyor Silahl\u0131 kuvvetler ile protestocular aras\u0131nda \u015fiddetli \u00e7at\u0131\u015fmalar\u0131n ya\u015fand\u0131\u011f\u0131 \u00fclkede a\u015f\u0131r\u0131 \u00e7alkant\u0131l\u0131 ve gergin i\u00e7 siyasi durum nedeniyle. \u00d6zellikle Slovak vatanda\u015flar\u0131n\u0131n dikkatini devam eden [\u2026]<\/p>","protected":false},"author":1,"featured_media":9493,"comment_status":"open","ping_status":"open","sticky":false,"template":"","format":"standard","meta":{"footnotes":"","iawp_total_views":71},"categories":[81,70],"tags":[],"acf":[],"_links":{"self":[{"href":"https:\/\/vizum.sk\/tr\/wp-json\/wp\/v2\/posts\/9492"}],"collection":[{"href":"https:\/\/vizum.sk\/tr\/wp-json\/wp\/v2\/posts"}],"about":[{"href":"https:\/\/vizum.sk\/tr\/wp-json\/wp\/v2\/types\/post"}],"author":[{"embeddable":true,"href":"https:\/\/vizum.sk\/tr\/wp-json\/wp\/v2\/users\/1"}],"replies":[{"embeddable":true,"href":"https:\/\/vizum.sk\/tr\/wp-json\/wp\/v2\/comments?post=9492"}],"version-history":[{"count":0,"href":"https:\/\/vizum.sk\/tr\/wp-json\/wp\/v2\/posts\/9492\/revisions"}],"wp:featuredmedia":[{"embeddable":true,"href":"https:\/\/vizum.sk\/tr\/wp-json\/wp\/v2\/media\/9493"}],"wp:attachment":[{"href":"https:\/\/vizum.sk\/tr\/wp-json\/wp\/v2\/media?parent=9492"}],"wp:term":[{"taxonomy":"category","embeddable":true,"href":"https:\/\/vizum.sk\/tr\/wp-json\/wp\/v2\/categories?post=9492"},{"taxonomy":"post_tag","embeddable":true,"href":"https:\/\/vizum.sk\/tr\/wp-json\/wp\/v2\/tags?post=9492"}],"curies":[{"name":"wp","href":"https:\/\/api.w.org\/{rel}","templated":true}]}}