{"id":9574,"date":"2024-04-02T00:23:08","date_gmt":"2024-04-01T22:23:08","guid":{"rendered":"https:\/\/vizum.sk\/?p=9574"},"modified":"2024-04-02T00:41:01","modified_gmt":"2024-04-01T22:41:01","slug":"novela_zakona_27_03_2024","status":"publish","type":"post","link":"https:\/\/vizum.sk\/tr\/kanun-degisikligi-27-03-2024\/","title":{"rendered":"404\/2011 say\u0131l\u0131 Yabanc\u0131lar\u0131n \u0130kametine \u0130li\u015fkin Yasa De\u011fi\u015fikli\u011fi"},"content":{"rendered":"<div data-elementor-type=\"wp-post\" data-elementor-id=\"9574\" class=\"elementor elementor-9574\">\n\t\t\t\t\t\t<section class=\"elementor-section elementor-top-section elementor-element elementor-element-8f1e542 elementor-section-boxed elementor-section-height-default elementor-section-height-default\" data-id=\"8f1e542\" data-element_type=\"section\">\n\t\t\t\t\t\t<div class=\"elementor-container elementor-column-gap-default\">\n\t\t\t\t\t<div class=\"elementor-column elementor-col-100 elementor-top-column elementor-element elementor-element-fc30c11\" data-id=\"fc30c11\" data-element_type=\"column\">\n\t\t\t<div class=\"elementor-widget-wrap elementor-element-populated\">\n\t\t\t\t\t\t<div class=\"elementor-element elementor-element-57c68f4 elementor-widget elementor-widget-text-editor\" data-id=\"57c68f4\" data-element_type=\"widget\" data-widget_type=\"text-editor.default\">\n\t\t\t\t<div class=\"elementor-widget-container\">\n\t\t\t\t\t\t\t<p>Say\u0131n M\u00fc\u015fterilerimiz,\u00a0<br \/>Slovak Cumhuriyeti \u0130\u00e7i\u015fleri Bakanl\u0131\u011f\u0131, 404\/2011 say\u0131l\u0131 Yabanc\u0131lar\u0131n \u0130kametine \u0130li\u015fkin Kanun'da yap\u0131lan son de\u011fi\u015fiklikler hakk\u0131nda bilgi verdi. Daha fazla bilgiye a\u015fa\u011f\u0131daki bas\u0131n b\u00fclteninden ula\u015fabilirsiniz.<\/p><p><strong>Slovakya mevzuat\u0131n\u0131 a\u015fa\u011f\u0131dakilerle uyumlu hale getiriyor\u00a0<a title=\"Y\u00fcksek nitelikli istihdam amac\u0131yla \u00fc\u00e7\u00fcnc\u00fc \u00fclke vatanda\u015flar\u0131n\u0131n giri\u015f ve ikamet ko\u015fullar\u0131na ili\u015fkin 20 Ekim 2021 tarihli ve 2021\/1883 say\u0131l\u0131 Avrupa Parlamentosu ve Konsey Direktifi (AB)\" href=\"https:\/\/eur-lex.europa.eu\/legal-content\/SK\/TXT\/?uri=CELEX%3A32021L1883\" target=\"_blank\" rel=\"noopener\">Y\u00fcksek nitelikli istihdam amac\u0131yla \u00fc\u00e7\u00fcnc\u00fc \u00fclke vatanda\u015flar\u0131n\u0131n giri\u015f ve ikamet ko\u015fullar\u0131na ili\u015fkin 20 Ekim 2021 tarihli ve 2021\/1883 say\u0131l\u0131 Avrupa Parlamentosu ve Konsey Direktifi (AB)<\/a>. Teklif\u00a0<a href=\"https:\/\/rokovania.gov.sk\/RVL\/Material\/29385\/1\" target=\"_blank\" rel=\"noopener\">404\/2011 Coll. say\u0131l\u0131 Yabanc\u0131lar\u0131n \u0130kametine \u0130li\u015fkin Kanun'da yap\u0131lan de\u011fi\u015fiklikler<\/a>\u00a027 Mart 2024 \u00c7ar\u015famba g\u00fcn\u00fc \u0130\u00e7i\u015fleri Bakan\u0131 Mat\u00fa\u0161 \u0160utaj E\u0161tok taraf\u0131ndan Bakanlar Kurulu toplant\u0131s\u0131na sunulmu\u015ftur<\/strong><\/p><p><strong>Birinci s\u0131n\u0131f bir \u00fcniversite diplomas\u0131, vas\u0131fl\u0131 istihdam\u0131n ger\u00e7ekle\u015ftirilmesi i\u00e7in yeterli olacakt\u0131r<\/strong>Se\u00e7ilmi\u015f B\u0130T i\u015fleri i\u00e7in, y\u00fcksek vas\u0131fl\u0131 bir meslekte i\u015f deneyimi ile g\u00f6sterilen daha y\u00fcksek mesleki beceriler yeterli olacakt\u0131r.<\/p><p>D\u00fczenlendi\u011fi d\u00f6nem\u00a0<strong>y\u00fcksek vas\u0131fl\u0131 bir i\u015fe kar\u015f\u0131l\u0131k gelen bo\u015f bir pozisyonun doldurulma olas\u0131l\u0131\u011f\u0131n\u0131n teyidi 4 y\u0131ldan 5 y\u0131la uzat\u0131lm\u0131\u015ft\u0131r<\/strong>.\u00a0<\/p><p>Avrupa Birli\u011fi Mavi Kart\u0131, bir \u00fc\u00e7\u00fcnc\u00fc \u00fclke vatanda\u015f\u0131n\u0131n Slovak Cumhuriyeti topraklar\u0131na y\u00fcksek nitelikli istihdam amac\u0131yla girmesine, ikamet etmesine, \u00e7al\u0131\u015fmas\u0131na, Slovak Cumhuriyeti topraklar\u0131ndan ayr\u0131lmas\u0131na ve kendisine verildi\u011fi s\u00fcre boyunca Slovak Cumhuriyeti topraklar\u0131na yeniden girmesine izin veren ge\u00e7ici bir ikamettir.<\/p><p>Onlar da geni\u015fliyor\u00a0<strong>\u00a0\u00dc\u00e7\u00fcnc\u00fc \u00fclke vatanda\u015flar\u0131n\u0131n Slovak Cumhuriyeti topraklar\u0131na giri\u015finin veya bu topraklarda ikamet etmesinin reddedilebilece\u011fi durumlar\u0131n tan\u0131mlar\u0131.<br \/><\/strong>Bu ba\u011flamda, bir \u00fc\u00e7\u00fcnc\u00fc \u00fclke vatanda\u015f\u0131n\u0131n idari s\u0131n\u0131r d\u0131\u015f\u0131 karar\u0131 al\u0131nd\u0131ktan sonra kendi \u00fclkesine veya ba\u015fka bir \u00dcye Devlete geri d\u00f6nd\u00fc\u011f\u00fc veya d\u00f6nmedi\u011fi durumlardan a\u00e7\u0131k\u00e7a bahsedilmektedir. \u00d6rne\u011fin, d\u00fczensiz g\u00f6\u00e7menin kimli\u011finin a\u00e7\u0131k\u00e7a tespit edilemedi\u011fi durumlar.\u00a0<\/p><p>Yasad\u0131\u015f\u0131 g\u00f6\u00e7le m\u00fccadele ba\u011flam\u0131nda, bir yabanc\u0131n\u0131n teslim edilmesi durumunda a\u015fa\u011f\u0131dakilerin uygulanmas\u0131 \u00f6nerilmektedir\u00a0<strong>bir polis memurunun bir telefon, telekom\u00fcnikasyon, g\u00f6rsel-i\u015fitsel veya benzer ekipman veya elektronik ortam\u0131 arama yetkisi<\/strong>yabanc\u0131n\u0131n kimli\u011fini ve uyru\u011funu m\u00fcmk\u00fcn olan en k\u0131sa s\u00fcrede tespit etmek i\u00e7in ta\u015f\u0131d\u0131\u011f\u0131.<\/p><p><strong>De\u011fi\u015fiklik ayr\u0131ca:<\/strong><\/p><ul><li>\u0130\u00e7i\u015fleri Bakanl\u0131\u011f\u0131'n\u0131n d\u00fcnyan\u0131n di\u011fer \u00fclkelerinin seyahat belgelerini tan\u0131ma yetkisini belirler,<\/li><li>\u00fc\u00e7\u00fcnc\u00fc \u00fclke vatanda\u015flar\u0131n\u0131 a\u015fa\u011f\u0131daki hususlar\u0131 kan\u0131tlamakla y\u00fck\u00fcml\u00fc k\u0131lar\u00a0<strong>Slovak Cumhuriyeti topraklar\u0131n\u0131 terk ederken de<\/strong>\u00a0t\u0131pk\u0131 topraklar\u0131m\u0131za girerken oldu\u011fu gibi ge\u00e7erli bir seyahat belgesi,<\/li><li>\u00f6nermek\u00a0<strong>Ulusal vize verilmemesi i\u00e7in yeni gerek\u00e7eler,<\/strong><\/li><li>ulusal vize i\u00e7in de ba\u015fvuru yapma imkan\u0131 getirmektedir\u00a0<strong>harici bir hizmet sa\u011flay\u0131c\u0131 arac\u0131l\u0131\u011f\u0131yla.<br \/><br \/><\/strong><\/li><\/ul><p>\u00d6nerilen de\u011fi\u015fiklikler daha geni\u015f bir \u00e7aban\u0131n par\u00e7as\u0131d\u0131r\u00a0<strong>Slovak Cumhuriyeti'nin g\u00f6\u00e7 ve vize politikas\u0131n\u0131 g\u00fcncellemek ve kolayla\u015ft\u0131rmak<\/strong>. Ama\u00e7 iyile\u015ftirmektir\u00a0<strong>g\u00f6\u00e7 \u00fczerinde kontrol<\/strong>\u00a0ve ayn\u0131 zamanda\u00a0<strong>\u00dc\u00e7\u00fcnc\u00fc \u00fclkelerden gelen yasal g\u00f6\u00e7menler ve ziyaret\u00e7iler i\u00e7in s\u00fcre\u00e7leri kolayla\u015ft\u0131rmak.<\/strong><\/p>\t\t\t\t\t\t<\/div>\n\t\t\t\t<\/div>\n\t\t\t\t\t<\/div>\n\t\t<\/div>\n\t\t\t\t\t<\/div>\n\t\t<\/section>\n\t\t\t\t<\/div>","protected":false},"excerpt":{"rendered":"<p>De\u011ferli M\u00fc\u015fterilerimiz, Slovak Cumhuriyeti \u0130\u00e7i\u015fleri Bakanl\u0131\u011f\u0131, 404\/2011 say\u0131l\u0131 Yabanc\u0131lar\u0131n \u0130kametine \u0130li\u015fkin Kanun'da yap\u0131lan son de\u011fi\u015fiklikler hakk\u0131nda bilgi vermektedir. Daha fazla bilgiye a\u015fa\u011f\u0131daki bas\u0131n b\u00fclteninden ula\u015fabilirsiniz. Slovakya, mevzuat\u0131n\u0131 y\u00fcksek nitelikli istihdam amac\u0131yla \u00fc\u00e7\u00fcnc\u00fc \u00fclke vatanda\u015flar\u0131n\u0131n giri\u015f ve ikamet ko\u015fullar\u0131na ili\u015fkin 20 Ekim 2021 tarihli ve 2021\/1883 say\u0131l\u0131 Avrupa Parlamentosu ve Konsey Direktifi (AB) ile uyumlu hale getiriyor. say\u0131l\u0131 Kanunda de\u011fi\u015fiklik yap\u0131lmas\u0131na ili\u015fkin taslak [...]<\/p>","protected":false},"author":1,"featured_media":8349,"comment_status":"open","ping_status":"open","sticky":false,"template":"","format":"standard","meta":{"footnotes":"","iawp_total_views":158},"categories":[47,46],"tags":[],"acf":[],"_links":{"self":[{"href":"https:\/\/vizum.sk\/tr\/wp-json\/wp\/v2\/posts\/9574"}],"collection":[{"href":"https:\/\/vizum.sk\/tr\/wp-json\/wp\/v2\/posts"}],"about":[{"href":"https:\/\/vizum.sk\/tr\/wp-json\/wp\/v2\/types\/post"}],"author":[{"embeddable":true,"href":"https:\/\/vizum.sk\/tr\/wp-json\/wp\/v2\/users\/1"}],"replies":[{"embeddable":true,"href":"https:\/\/vizum.sk\/tr\/wp-json\/wp\/v2\/comments?post=9574"}],"version-history":[{"count":0,"href":"https:\/\/vizum.sk\/tr\/wp-json\/wp\/v2\/posts\/9574\/revisions"}],"wp:featuredmedia":[{"embeddable":true,"href":"https:\/\/vizum.sk\/tr\/wp-json\/wp\/v2\/media\/8349"}],"wp:attachment":[{"href":"https:\/\/vizum.sk\/tr\/wp-json\/wp\/v2\/media?parent=9574"}],"wp:term":[{"taxonomy":"category","embeddable":true,"href":"https:\/\/vizum.sk\/tr\/wp-json\/wp\/v2\/categories?post=9574"},{"taxonomy":"post_tag","embeddable":true,"href":"https:\/\/vizum.sk\/tr\/wp-json\/wp\/v2\/tags?post=9574"}],"curies":[{"name":"wp","href":"https:\/\/api.w.org\/{rel}","templated":true}]}}