{"id":9809,"date":"2024-05-24T16:38:43","date_gmt":"2024-05-24T14:38:43","guid":{"rendered":"https:\/\/vizum.sk\/?p=9809"},"modified":"2024-05-25T19:51:58","modified_gmt":"2024-05-25T17:51:58","slug":"zvysenie-zivotneho-minima-v-slovenskej-republike","status":"publish","type":"post","link":"https:\/\/vizum.sk\/tr\/slovakya-cumhuriyetinde-asgari-gecim-ucretinde-artis\/","title":{"rendered":"Slovak Cumhuriyeti'nde asgari ge\u00e7im d\u00fczeyinin art\u0131r\u0131lmas\u0131"},"content":{"rendered":"<div data-elementor-type=\"wp-post\" data-elementor-id=\"9809\" class=\"elementor elementor-9809\">\n\t\t\t\t\t\t<section class=\"elementor-section elementor-top-section elementor-element elementor-element-e5d11e2 elementor-section-boxed elementor-section-height-default elementor-section-height-default\" data-id=\"e5d11e2\" data-element_type=\"section\">\n\t\t\t\t\t\t<div class=\"elementor-container elementor-column-gap-default\">\n\t\t\t\t\t<div class=\"elementor-column elementor-col-100 elementor-top-column elementor-element elementor-element-3d642af\" data-id=\"3d642af\" data-element_type=\"column\">\n\t\t\t<div class=\"elementor-widget-wrap elementor-element-populated\">\n\t\t\t\t\t\t<div class=\"elementor-element elementor-element-0bb95d1 elementor-widget elementor-widget-text-editor\" data-id=\"0bb95d1\" data-element_type=\"widget\" data-widget_type=\"text-editor.default\">\n\t\t\t\t<div class=\"elementor-widget-container\">\n\t\t\t\t\t\t\t<p>Say\u0131n M\u00fc\u015fterilerimiz,\u00a0<br \/>1 Temmuz 2024 tarihinden itibaren Slovakya'daki asgari ge\u00e7im d\u00fczeyi \u015fu seviyeye y\u00fckseltilmi\u015ftir <strong>273,99 \u20ac<\/strong>. Asgari ge\u00e7im d\u00fczeyindeki y\u0131ldan y\u0131la art\u0131\u015f \u015fu \u015fekildedir <strong>1,9%'lik bir art\u0131\u015f<\/strong>. Bu art\u0131\u015f sadece vatanda\u015flar i\u00e7in de\u011fil, ayn\u0131 zamanda ge\u00e7ici ve daimi ikamet i\u00e7in ba\u015fvuranlar i\u00e7in de \u00f6nemli sonu\u00e7lar do\u011furmaktad\u0131r. Bu de\u011fi\u015fiklik bu gruplar\u0131n ya\u015fam ko\u015fullar\u0131n\u0131 nas\u0131l etkiliyor ve daha geni\u015f sosyal ve ekonomik sonu\u00e7lar\u0131 nelerdir?<\/p><h3>Asgari ge\u00e7im ve ikamet durumlar\u0131<\/h3><p>Asgari ge\u00e7im s\u0131n\u0131r\u0131, ikamet ba\u015fvurusunda bulunan bir ki\u015finin ekonomik olarak g\u00fcvenli kabul edildi\u011fi gelir e\u015fi\u011fidir. Ge\u00e7ici ve daimi ikamet ba\u015fvurusunda bulunanlar i\u00e7in asgari ge\u00e7im haddindeki art\u0131\u015f, temel ya\u015fam ihtiya\u00e7lar\u0131n\u0131 kar\u015f\u0131lama ve ikamet stat\u00fcs\u00fc elde etme veya s\u00fcrd\u00fcrme \u015fartlar\u0131n\u0131 yerine getirme kabiliyetlerini etkileyen \u00f6nemli bir fakt\u00f6rd\u00fcr.<\/p><h3>Art\u0131\u015f\u0131n nedenleri ve ikamet ba\u015fvurusunda bulunanlar i\u00e7in \u00f6nemi<\/h3><ol><li><p><strong>Enflasyon ve hayat pahal\u0131l\u0131\u011f\u0131 art\u0131\u015flar\u0131<\/strong>C: G\u0131da, bar\u0131nma ve hizmet fiyatlar\u0131ndaki art\u0131\u015flar, oturum arayanlar da dahil olmak \u00fczere t\u00fcm sakinleri do\u011frudan etkilemektedir. Asgari ge\u00e7im d\u00fczeyinin 273.99 Avro'ya y\u00fckseltilmesi, Slovakya'da yasal olarak ikamet etmek isteyenler de dahil olmak \u00fczere d\u00fc\u015f\u00fck gelirli gruplar \u00fczerindeki mali bask\u0131n\u0131n hafifletilmesine yard\u0131mc\u0131 olmaktad\u0131r.<\/p><\/li><li><p><strong>Sosyal i\u00e7erme<\/strong>C: Ge\u00e7ici ve daimi ikamet i\u00e7in ba\u015fvuranlar genellikle topluma entegre olma konusunda daha b\u00fcy\u00fck zorluklarla kar\u015f\u0131la\u015fmaktad\u0131r. Daha y\u00fcksek bir asgari ge\u00e7im d\u00fczeyi, temel hizmetlere daha iyi eri\u015fim sa\u011flamalar\u0131na ve daha istikrarl\u0131 ekonomik ko\u015fullar elde etmelerine yard\u0131mc\u0131 olabilir.<\/p><\/li><li><p><strong>Ba\u015fvuru sahibi aileler i\u00e7in destek<\/strong>C: Bir\u00e7ok ba\u015fvuru sahibi Slovakya'ya aileleriyle birlikte gelmekte veya yurt d\u0131\u015f\u0131ndan mali destek almaktad\u0131r. Asgari ge\u00e7im d\u00fczeyindeki bir art\u0131\u015f, ailelerinin ekonomik durumunu iyile\u015ftiren daha y\u00fcksek \u00e7ocuk \u00f6denekleri ve di\u011fer aile yard\u0131mlar\u0131 anlam\u0131na da gelebilir.<\/p><\/li><\/ol><h3>Asgari ge\u00e7im d\u00fczeyindeki art\u0131\u015f\u0131n ikamet ba\u015fvurusunda bulunanlar \u00fczerindeki etkisi<\/h3><ol><li><p><strong>Sosyal yard\u0131mlara eri\u015fim<\/strong>C: Yasal olarak \u00e7al\u0131\u015fan veya sosyal yard\u0131m alma hakk\u0131na sahip olan ge\u00e7ici ve daimi ikamet ba\u015fvuru sahipleri bu art\u0131\u015ftan do\u011frudan faydalanacakt\u0131r. Daha y\u00fcksek maddi s\u0131k\u0131nt\u0131 yard\u0131mlar\u0131 ve di\u011fer \u00f6denekler, temel ihtiya\u00e7lar\u0131n\u0131n kar\u015f\u0131lanmas\u0131na yard\u0131mc\u0131 olacakt\u0131r.<\/p><\/li><li><p><strong>Bar\u0131nma ve ya\u015fam ko\u015fullar\u0131<\/strong>C: Ge\u00e7im \u00fccretinin art\u0131r\u0131lmas\u0131, hak sahiplerinin genellikle en b\u00fcy\u00fck mali y\u00fcklerden biri olan konut masraflar\u0131n\u0131 daha iyi y\u00f6netmelerine yard\u0131mc\u0131 olabilir. Daha istikrarl\u0131 ekonomik ko\u015fullar daha iyi bar\u0131nma ve genel ya\u015fam kalitesi sa\u011flar.<\/p><\/li><li><p><strong>Entegrasyon ve sosyal istikrar<\/strong>C: Ba\u015fvuru sahipleri i\u00e7in daha iyi ekonomik ko\u015fullar, topluma daha h\u0131zl\u0131 ve ba\u015far\u0131l\u0131 bir \u015fekilde entegre olmalar\u0131na katk\u0131da bulunur. Bu da toplumda daha fazla sosyal istikrar ve uyuma yol a\u00e7ar.<\/p><\/li><\/ol><h3>Asgari ge\u00e7imin hesaplanmas\u0131 ve ayarlamalar\u0131<\/h3><p>Slovakya'daki asgari ge\u00e7im d\u00fczeyi, enflasyon gibi ekonomik g\u00f6stergeler temelinde d\u00fczenli olarak ayarlanmaktad\u0131r. Bu s\u00fcre\u00e7, hayat pahal\u0131l\u0131\u011f\u0131ndaki son de\u011fi\u0122iklikleri dikkate al\u0131r ve sosyal koruman\u0131n n\u00fcfusun ger\u00e7ek ihtiya\u00e7lar\u0131n\u0131 yans\u0131tmas\u0131n\u0131 sa\u011flamay\u0131 ama\u00e7lar.<\/p><h3>Sonu\u00e7<\/h3><p>Asgari ge\u00e7im d\u00fczeyinin \u015fu seviyeye y\u00fckseltilmesi <strong>273,99 \u20ac<\/strong> Slovakya'da ge\u00e7ici ve daimi ikamet i\u00e7in ba\u015fvuranlar\u0131n ya\u015fam ko\u015fullar\u0131 \u00fczerinde \u00f6nemli olumlu etkileri vard\u0131r. Bu durum ekonomik zorluklar\u0131n hafifletilmesine yard\u0131mc\u0131 olmakta, sosyal i\u00e7ermeyi te\u015fvik etmekte ve genel ya\u015fam kalitesini iyile\u015ftirmektedir. Temel ihtiya\u00e7lar\u0131n\u0131 kar\u015f\u0131lamada genellikle daha b\u00fcy\u00fck zorluklarla kar\u015f\u0131la\u015fan ba\u015fvuru sahipleri i\u00e7in bu de\u011fi\u015fiklik, somut destek ve Slovak toplumuna ba\u015far\u0131l\u0131 bir \u015fekilde entegrasyon i\u00e7in daha iyi \u015fanslar anlam\u0131na gelmektedir.<\/p><p><strong>Kaynak:<\/strong> https:\/\/www.slov-lex.sk\/legislativne-procesy\/SK\/LP\/2024\/235<\/p>\t\t\t\t\t\t<\/div>\n\t\t\t\t<\/div>\n\t\t\t\t\t<\/div>\n\t\t<\/div>\n\t\t\t\t\t<\/div>\n\t\t<\/section>\n\t\t\t\t<\/div>","protected":false},"excerpt":{"rendered":"<p>De\u011ferli m\u00fc\u015fterilerimiz, 1 Temmuz 2024 tarihi itibariyle Slovakya'da asgari ge\u00e7im d\u00fczeyi 273,99 Avro'ya y\u00fckselmi\u015ftir. Asgari ge\u00e7im d\u00fczeyindeki y\u0131ldan y\u0131la art\u0131\u015f, 1.9%'lik bir art\u0131\u015f\u0131 temsil etmektedir. Bu art\u0131\u015f sadece yurt i\u00e7inde ikamet edenler i\u00e7in de\u011fil, ayn\u0131 zamanda ge\u00e7ici ve daimi ikamet i\u00e7in ba\u015fvuranlar i\u00e7in de \u00f6nemli sonu\u00e7lar do\u011furmaktad\u0131r. Bu de\u011fi\u015fiklik bu gruplar\u0131n ya\u015fam ko\u015fullar\u0131n\u0131 nas\u0131l etkiliyor ve daha geni\u015f sosyal [...]<\/p>","protected":false},"author":1,"featured_media":9810,"comment_status":"open","ping_status":"open","sticky":false,"template":"","format":"standard","meta":{"footnotes":"","iawp_total_views":257},"categories":[46],"tags":[],"acf":[],"_links":{"self":[{"href":"https:\/\/vizum.sk\/tr\/wp-json\/wp\/v2\/posts\/9809"}],"collection":[{"href":"https:\/\/vizum.sk\/tr\/wp-json\/wp\/v2\/posts"}],"about":[{"href":"https:\/\/vizum.sk\/tr\/wp-json\/wp\/v2\/types\/post"}],"author":[{"embeddable":true,"href":"https:\/\/vizum.sk\/tr\/wp-json\/wp\/v2\/users\/1"}],"replies":[{"embeddable":true,"href":"https:\/\/vizum.sk\/tr\/wp-json\/wp\/v2\/comments?post=9809"}],"version-history":[{"count":0,"href":"https:\/\/vizum.sk\/tr\/wp-json\/wp\/v2\/posts\/9809\/revisions"}],"wp:featuredmedia":[{"embeddable":true,"href":"https:\/\/vizum.sk\/tr\/wp-json\/wp\/v2\/media\/9810"}],"wp:attachment":[{"href":"https:\/\/vizum.sk\/tr\/wp-json\/wp\/v2\/media?parent=9809"}],"wp:term":[{"taxonomy":"category","embeddable":true,"href":"https:\/\/vizum.sk\/tr\/wp-json\/wp\/v2\/categories?post=9809"},{"taxonomy":"post_tag","embeddable":true,"href":"https:\/\/vizum.sk\/tr\/wp-json\/wp\/v2\/tags?post=9809"}],"curies":[{"name":"wp","href":"https:\/\/api.w.org\/{rel}","templated":true}]}}